{"id":5614,"date":"2023-08-24T08:19:59","date_gmt":"2023-08-24T08:19:59","guid":{"rendered":"https:\/\/areabadalona.com\/diario\/?p=5614"},"modified":"2023-08-28T08:20:32","modified_gmt":"2023-08-28T08:20:32","slug":"lajuntament-de-badalona-invertira-25-milions-deuros-en-la-millora-i-la-renovacio-dels-sistemes-de-climatitzacio-dels-edificis-municipals","status":"publish","type":"post","link":"https:\/\/areabadalona.com\/diario\/2023\/08\/24\/lajuntament-de-badalona-invertira-25-milions-deuros-en-la-millora-i-la-renovacio-dels-sistemes-de-climatitzacio-dels-edificis-municipals\/","title":{"rendered":"L\u2019Ajuntament de Badalona invertir\u00e0 2,5 milions d\u2019euros en la millora i la renovaci\u00f3 dels sistemes de climatitzaci\u00f3 dels edificis municipals\u00a0"},"content":{"rendered":"\n<p>L\u2019Ajuntament de Badalona destinar\u00e0 en els pr\u00f2xims mesos 2,5 milions d\u2019euros en inversions i millores per als sistemes de climatitzacions dels edificis i espais municipals. El Govern municipal t\u00e9 prevista l\u2019aprovaci\u00f3 d\u2019aquesta quantitat econ\u00f2mica en un ple extraordinari que tindr\u00e0 lloc el pr\u00f2xim mes de setembre. Actualment, Badalona no disposa de cap espai interior municipal com a \u201crefugi clim\u00e0tic\u201d i nom\u00e9s t\u00e9 aquesta consideraci\u00f3 el parc de Can Solei i de Ca l\u2019Arn\u00fas.&nbsp;<\/p>\n\n\n\n<p>La 2a tinenta d\u2019alcaldia de l\u2019Ajuntament de Badalona, Cristina Ag\u00fcera, ha assenyalat que \u201cl\u2019actual Govern s\u2019ha trobat amb una situaci\u00f3 molt complicada, amb molts equipaments municipals sense que funcioni la climatitzaci\u00f3, amb aparells en mal estat o directament espatllats sense cap manteniment\u201d. \u201cA partir d\u2019aquest panorama -afegeix Ag\u00fcera- el nostre comprom\u00eds \u00e9s que l\u2019any vinent la ciutat de Badalona pugui disposar de depend\u00e8ncies municipals i espais, com biblioteques o centres c\u00edvics, que estiguin degudament climatitzats i que, quan siguin necessaris, puguin fer la funci\u00f3 de refugis clim\u00e0tics interiors per a la ciutadania\u201d.\u201c&nbsp;<\/p>\n\n\n\n<p><strong>Diagnosi de 83 edificis&nbsp;<\/strong><\/p>\n\n\n\n<p>Per con\u00e8ixer l\u2019estat actual de les instal\u00b7lacions de climatitzaci\u00f3 i les inversions que seran necess\u00e0ries, s\u2019est\u00e0 portant a terme una diagnosi de l&#8217;estat de 83 edificis com ara escoles, equipaments esportius, centres de serveis municipals i culturals, que han de permetre tenir una relaci\u00f3 complerta de l\u2019estat actual de les instal\u00b7lacions i de les maquin\u00e0ries.&nbsp;<\/p>\n\n\n\n<p>A banda d\u2019aquesta diagnosi, l\u2019Ajuntament est\u00e0 treballant en la licitaci\u00f3 per a la millora o el recanvi de la maquin\u00e0ria de climatitzaci\u00f3 de diferents espais com ara la sala de servidors de l\u2019edifici municipal El Viver; l\u2019Escola de Natura Angeleta Ferrer (Can Miravitges); l\u2019Oficina Municipal de Districte (OMD) 5; l\u2019edifici A de la Gu\u00e0rdia Urbana i l\u2019Arxiu Municipal, situat a l\u2019avinguda del Marqu\u00e8s de Mont-roig.&nbsp;<\/p>\n\n\n\n<p>De manera urgent, i per tal de pal\u00b7liar la situaci\u00f3 actual, l\u2019Ajuntament ha adquirit 25 equips port\u00e0tils de refrigeraci\u00f3 que entraran en funcionament la setmana vinent.&nbsp;<\/p>\n","protected":false},"excerpt":{"rendered":"<p>L\u2019Ajuntament de Badalona destinar\u00e0 en els pr\u00f2xims mesos 2,5 milions d\u2019euros en inversions i millores per als sistemes de climatitzacions dels edificis i espais municipals. El Govern municipal t\u00e9 prevista l\u2019aprovaci\u00f3 d\u2019aquesta quantitat econ\u00f2mica en un ple extraordinari que tindr\u00e0 lloc el pr\u00f2xim mes de setembre. Actualment, Badalona no disposa de cap espai interior municipal [&hellip;]<\/p>\n","protected":false},"author":2,"featured_media":5615,"comment_status":"open","ping_status":"open","sticky":false,"template":"","format":"standard","meta":{"footnotes":""},"categories":[23],"tags":[],"class_list":{"0":"post-5614","1":"post","2":"type-post","3":"status-publish","4":"format-standard","5":"has-post-thumbnail","7":"category-actualitat"},"_links":{"self":[{"href":"https:\/\/areabadalona.com\/diario\/wp-json\/wp\/v2\/posts\/5614","targetHints":{"allow":["GET"]}}],"collection":[{"href":"https:\/\/areabadalona.com\/diario\/wp-json\/wp\/v2\/posts"}],"about":[{"href":"https:\/\/areabadalona.com\/diario\/wp-json\/wp\/v2\/types\/post"}],"author":[{"embeddable":true,"href":"https:\/\/areabadalona.com\/diario\/wp-json\/wp\/v2\/users\/2"}],"replies":[{"embeddable":true,"href":"https:\/\/areabadalona.com\/diario\/wp-json\/wp\/v2\/comments?post=5614"}],"version-history":[{"count":1,"href":"https:\/\/areabadalona.com\/diario\/wp-json\/wp\/v2\/posts\/5614\/revisions"}],"predecessor-version":[{"id":5616,"href":"https:\/\/areabadalona.com\/diario\/wp-json\/wp\/v2\/posts\/5614\/revisions\/5616"}],"wp:featuredmedia":[{"embeddable":true,"href":"https:\/\/areabadalona.com\/diario\/wp-json\/wp\/v2\/media\/5615"}],"wp:attachment":[{"href":"https:\/\/areabadalona.com\/diario\/wp-json\/wp\/v2\/media?parent=5614"}],"wp:term":[{"taxonomy":"category","embeddable":true,"href":"https:\/\/areabadalona.com\/diario\/wp-json\/wp\/v2\/categories?post=5614"},{"taxonomy":"post_tag","embeddable":true,"href":"https:\/\/areabadalona.com\/diario\/wp-json\/wp\/v2\/tags?post=5614"}],"curies":[{"name":"wp","href":"https:\/\/api.w.org\/{rel}","templated":true}]}}