{"id":5607,"date":"2023-07-28T14:53:12","date_gmt":"2023-07-28T14:53:12","guid":{"rendered":"https:\/\/areabadalona.com\/diario\/?p=5607"},"modified":"2023-07-28T14:53:13","modified_gmt":"2023-07-28T14:53:13","slug":"lajuntament-de-badalona-ha-ofert-una-recepcio-als-nens-i-nenes-sahrauis-que-passen-lestiu-amb-families-dacollida-de-la-ciutat","status":"publish","type":"post","link":"https:\/\/areabadalona.com\/diario\/2023\/07\/28\/lajuntament-de-badalona-ha-ofert-una-recepcio-als-nens-i-nenes-sahrauis-que-passen-lestiu-amb-families-dacollida-de-la-ciutat\/","title":{"rendered":"L\u2019Ajuntament de Badalona ha ofert una recepci\u00f3 als nens i nenes sahrau\u00eds que passen l\u2019estiu amb fam\u00edlies d\u2019acollida de la ciutat\u00a0"},"content":{"rendered":"\n<p>L\u2019Ajuntament de Badalona, ha ofert aquest migdia una recepci\u00f3 als 5 nens i nenes de camps de refugiats sahrau\u00eds que estan passant aquest estiu amb fam\u00edlies d\u2019acollida de la ciutat. L\u2019acte ha comptat amb una representaci\u00f3 dels grups municipals i de fam\u00edlies i entitats col\u00b7laboradores.&nbsp;<\/p>\n\n\n\n<p>L\u2019estada d\u2019aquests infants, 4 nens i 1 nena, fins a mitjans de setembre a Badalona s\u2019emmarca en el projecte solidari \u201cVacances en pau\u201d impulsat per l\u2019Associaci\u00f3 Esabar Saharaui Badalona Cooperaci\u00f3. L\u2019objectiu d\u2019aquesta iniciativa \u00e9s que els menors puguin gaudir de la seva estada amb les fam\u00edlies acollidores i de diferents activitats de lleure. A m\u00e9s, els infants tenen l\u2019oportunitat d\u2019accedir a controls i revisions m\u00e8diques.&nbsp;<\/p>\n\n\n\n<p>El primer tinent d\u2019alcaldia i regidor de l\u2019\u00c0mbit d\u2019Hisenda i Finances, Recursos Interns, Educaci\u00f3, Esports i Seguretat Ciutadana, Juan Fern\u00e1ndez, els hi ha donat la benvinguda a la ciutat i ha agra\u00eft a l\u2019entitat Esabar, a les fam\u00edlies acollidores i als col\u00b7laboradors l\u2019esfor\u00e7 que fan per a portar a terme aquesta acci\u00f3 solid\u00e0ria. En aquest sentit, el primer tinent d\u2019alcaldia s\u2019ha comprom\u00e8s a: \u201caugmentar la implicaci\u00f3 de l\u2019Ajuntament de Badalona per donar suport a aquests nens i nenes sahrau\u00eds que tan ho necessiten\u201d.&nbsp;<\/p>\n","protected":false},"excerpt":{"rendered":"<p>L\u2019Ajuntament de Badalona, ha ofert aquest migdia una recepci\u00f3 als 5 nens i nenes de camps de refugiats sahrau\u00eds que estan passant aquest estiu amb fam\u00edlies d\u2019acollida de la ciutat. L\u2019acte ha comptat amb una representaci\u00f3 dels grups municipals i de fam\u00edlies i entitats col\u00b7laboradores.&nbsp; L\u2019estada d\u2019aquests infants, 4 nens i 1 nena, fins a [&hellip;]<\/p>\n","protected":false},"author":2,"featured_media":5608,"comment_status":"open","ping_status":"open","sticky":false,"template":"","format":"standard","meta":{"footnotes":""},"categories":[23,24],"tags":[],"class_list":{"0":"post-5607","1":"post","2":"type-post","3":"status-publish","4":"format-standard","5":"has-post-thumbnail","7":"category-actualitat","8":"category-societat"},"_links":{"self":[{"href":"https:\/\/areabadalona.com\/diario\/wp-json\/wp\/v2\/posts\/5607","targetHints":{"allow":["GET"]}}],"collection":[{"href":"https:\/\/areabadalona.com\/diario\/wp-json\/wp\/v2\/posts"}],"about":[{"href":"https:\/\/areabadalona.com\/diario\/wp-json\/wp\/v2\/types\/post"}],"author":[{"embeddable":true,"href":"https:\/\/areabadalona.com\/diario\/wp-json\/wp\/v2\/users\/2"}],"replies":[{"embeddable":true,"href":"https:\/\/areabadalona.com\/diario\/wp-json\/wp\/v2\/comments?post=5607"}],"version-history":[{"count":1,"href":"https:\/\/areabadalona.com\/diario\/wp-json\/wp\/v2\/posts\/5607\/revisions"}],"predecessor-version":[{"id":5609,"href":"https:\/\/areabadalona.com\/diario\/wp-json\/wp\/v2\/posts\/5607\/revisions\/5609"}],"wp:featuredmedia":[{"embeddable":true,"href":"https:\/\/areabadalona.com\/diario\/wp-json\/wp\/v2\/media\/5608"}],"wp:attachment":[{"href":"https:\/\/areabadalona.com\/diario\/wp-json\/wp\/v2\/media?parent=5607"}],"wp:term":[{"taxonomy":"category","embeddable":true,"href":"https:\/\/areabadalona.com\/diario\/wp-json\/wp\/v2\/categories?post=5607"},{"taxonomy":"post_tag","embeddable":true,"href":"https:\/\/areabadalona.com\/diario\/wp-json\/wp\/v2\/tags?post=5607"}],"curies":[{"name":"wp","href":"https:\/\/api.w.org\/{rel}","templated":true}]}}