{"id":5604,"date":"2023-07-28T14:51:45","date_gmt":"2023-07-28T14:51:45","guid":{"rendered":"https:\/\/areabadalona.com\/diario\/?p=5604"},"modified":"2023-07-28T14:51:46","modified_gmt":"2023-07-28T14:51:46","slug":"lalcalde-de-badalona-es-reuneix-amb-la-consellera-de-cultura-per-oferir-la-maxima-col%c2%b7laboracio-de-lajuntament-en-el-desenvolupament-del-catalunya-media-city","status":"publish","type":"post","link":"https:\/\/areabadalona.com\/diario\/2023\/07\/28\/lalcalde-de-badalona-es-reuneix-amb-la-consellera-de-cultura-per-oferir-la-maxima-col%c2%b7laboracio-de-lajuntament-en-el-desenvolupament-del-catalunya-media-city\/","title":{"rendered":"L\u2019alcalde de Badalona es reuneix amb la consellera de Cultura per oferir la m\u00e0xima col\u00b7laboraci\u00f3 de l\u2019Ajuntament en el desenvolupament del Catalunya Media City\u00a0"},"content":{"rendered":"\n<p>L\u2019alcalde de Badalona, Xavier Garcia Albiol, va reunir-se ahir dijous amb la consellera de Cultura, Nat\u00e0lia Garriga, per con\u00e8ixer amb detall el projecte Catalunya Media City, que s\u2019ubicar\u00e0 en l\u2019espai de les Tres Xemeneies, i oferir la m\u00e0xima col\u00b7laboraci\u00f3 de l\u2019Ajuntament de Badalona en el seu desenvolupament. En la trobada tamb\u00e9 van participar la &nbsp;segona tinenta d\u2019alcaldia i regidora de l\u2019\u00c0mbit d\u2019Impuls Econ\u00f2mic i de Ciutat, Treball, Cultura, Ciutadania i Govern, Cristina Ag\u00fcera; la regidora de Cultura, Vanesa Gonz\u00e1lez; i el secretari general del Departament de Cultura, Jordi Foz. &nbsp;<\/p>\n\n\n\n<p>La consellera Garriga va exposar durant la reuni\u00f3 que el Catalunya Media City \u00e9s un projecte estrat\u00e8gic per al Govern de la Generalitat que permetr\u00e0 que la ind\u00fastria digital i d\u2019audiovisual de Catalunya esdevingui un motor en l\u2019\u00e0mbit europeu. Aquest nou equipament acollir\u00e0 dins seu projectes audiovisuals, digitals i del videojoc; constar\u00e0 de plat\u00f3s, estudis de gravaci\u00f3, espais de recerca i innovaci\u00f3; ser\u00e0 un pol per a estudiants de formaci\u00f3 professional i universitats; retindr\u00e0 talent t\u00e8cnic i creatiu, i generar\u00e0 llocs de treball en uns \u00e0mbits que estan cridats a ser agents econ\u00f2mics de primer ordre. &nbsp;<\/p>\n\n\n\n<p>L\u2019impuls del Catalunya Media City suposar\u00e0 la transformaci\u00f3 de la zona del Bes\u00f2s i l\u2019ordenaci\u00f3 urban\u00edstica de l\u2019\u00e0rea de les Tres Xemeneies amb la creaci\u00f3 d\u2019un nou barri que acollir\u00e0 tant habitatge com activitat econ\u00f2mica, equipaments, un gran parc equipat i nova vialitat. L\u2019ordenaci\u00f3 de l\u2019edificaci\u00f3 i de la zona d\u2019activitats econ\u00f2miques que proposa el Pla de Desenvolupament Urban\u00edstic permet destinar prop del 80% de la superf\u00edcie que abasta el Pla a espais p\u00fablics.&nbsp;<\/p>\n\n\n\n<p>L\u2019alcalde de Badalona, Xavier Garcia Albiol, va agrair a la consellera la trobada, que va permetre als representants municipals con\u00e8ixer amb profunditat la planificaci\u00f3 del projecte. L\u2019alcalde va oferir a la consellera \u201cla nostra col\u00b7laboraci\u00f3 amb la voluntat de ser un agent important en la realitzaci\u00f3 del Catalunya Media City\u201d. Garcia Albiol va destacar que \u201ccal estar presents en el desenvolupament d\u2019aquest ambici\u00f3s projecte per afavorir que sigui profit\u00f3s per a Badalona i els seus ve\u00efns\u201d.&nbsp;<\/p>\n","protected":false},"excerpt":{"rendered":"<p>L\u2019alcalde de Badalona, Xavier Garcia Albiol, va reunir-se ahir dijous amb la consellera de Cultura, Nat\u00e0lia Garriga, per con\u00e8ixer amb detall el projecte Catalunya Media City, que s\u2019ubicar\u00e0 en l\u2019espai de les Tres Xemeneies, i oferir la m\u00e0xima col\u00b7laboraci\u00f3 de l\u2019Ajuntament de Badalona en el seu desenvolupament. En la trobada tamb\u00e9 van participar la &nbsp;segona [&hellip;]<\/p>\n","protected":false},"author":2,"featured_media":5605,"comment_status":"open","ping_status":"open","sticky":false,"template":"","format":"standard","meta":{"footnotes":""},"categories":[23,24],"tags":[],"class_list":{"0":"post-5604","1":"post","2":"type-post","3":"status-publish","4":"format-standard","5":"has-post-thumbnail","7":"category-actualitat","8":"category-societat"},"_links":{"self":[{"href":"https:\/\/areabadalona.com\/diario\/wp-json\/wp\/v2\/posts\/5604","targetHints":{"allow":["GET"]}}],"collection":[{"href":"https:\/\/areabadalona.com\/diario\/wp-json\/wp\/v2\/posts"}],"about":[{"href":"https:\/\/areabadalona.com\/diario\/wp-json\/wp\/v2\/types\/post"}],"author":[{"embeddable":true,"href":"https:\/\/areabadalona.com\/diario\/wp-json\/wp\/v2\/users\/2"}],"replies":[{"embeddable":true,"href":"https:\/\/areabadalona.com\/diario\/wp-json\/wp\/v2\/comments?post=5604"}],"version-history":[{"count":1,"href":"https:\/\/areabadalona.com\/diario\/wp-json\/wp\/v2\/posts\/5604\/revisions"}],"predecessor-version":[{"id":5606,"href":"https:\/\/areabadalona.com\/diario\/wp-json\/wp\/v2\/posts\/5604\/revisions\/5606"}],"wp:featuredmedia":[{"embeddable":true,"href":"https:\/\/areabadalona.com\/diario\/wp-json\/wp\/v2\/media\/5605"}],"wp:attachment":[{"href":"https:\/\/areabadalona.com\/diario\/wp-json\/wp\/v2\/media?parent=5604"}],"wp:term":[{"taxonomy":"category","embeddable":true,"href":"https:\/\/areabadalona.com\/diario\/wp-json\/wp\/v2\/categories?post=5604"},{"taxonomy":"post_tag","embeddable":true,"href":"https:\/\/areabadalona.com\/diario\/wp-json\/wp\/v2\/tags?post=5604"}],"curies":[{"name":"wp","href":"https:\/\/api.w.org\/{rel}","templated":true}]}}