{"id":5597,"date":"2023-07-27T16:56:16","date_gmt":"2023-07-27T16:56:16","guid":{"rendered":"https:\/\/areabadalona.com\/diario\/?p=5597"},"modified":"2023-07-27T16:56:17","modified_gmt":"2023-07-27T16:56:17","slug":"a-prova-la-realitat-virtual-com-a-alternativa-a-la-sedacio-farmacologica-en-procediments-quirurgics","status":"publish","type":"post","link":"https:\/\/areabadalona.com\/diario\/2023\/07\/27\/a-prova-la-realitat-virtual-com-a-alternativa-a-la-sedacio-farmacologica-en-procediments-quirurgics\/","title":{"rendered":"A prova la realitat virtual com a alternativa a la sedaci\u00f3 farmacol\u00f2gica en procediments quir\u00fargics"},"content":{"rendered":"\n<p>Professionals de l\u2019Hospital Municipal de Badalona de Badalona Serveis Assistencials (BSA) han utilitzat la realitat virtual com a nou m\u00e8tode de relaxaci\u00f3 en una intervenci\u00f3 quir\u00fargica, arribant a substituir la sedaci\u00f3 mitjan\u00e7ant f\u00e0rmacs. En concret, la pacient que es va sotmetre a una herniorrafia amb anest\u00e8sia epidural va utilitzar unes ulleres de realitat virtual amb v\u00eddeos de 360 graus i una sessi\u00f3 de meditaci\u00f3 guiada personalitzada d\u2019acord amb les seves prefer\u00e8ncies.<\/p>\n\n\n\n<p>La pacient -cirurgiana de BSA- i els professionals impulsors -una antestesi\u00f2loga i un metge de fam\u00edlia del Servei d\u2019Innovaci\u00f3- valoren positivament el resultat obtingut ja que el procediment quir\u00fargic va ser flu\u00eft i eficient, i la pacient es va sentir confortable i relaxada. L\u2019equip considera que aquesta experi\u00e8ncia demostra el potencial de la realitat virtual com a m\u00e8tode alternatiu i segur a la sedaci\u00f3 farmacol\u00f2gica i obre la porta a noves aplicacions d\u2019aquesta tecnologia en el futur.<\/p>\n\n\n\n<p><strong>La realitat virtual a BSA<br><\/strong>&nbsp;<strong><\/strong><\/p>\n\n\n\n<p>Aquesta prova pilot se suma a altres iniciatives que duu a terme l\u2019organitzaci\u00f3 sanit\u00e0ria p\u00fablica. Des del Servei de Salut Mental i Addiccions s\u2019empra per ajudar els pacients en el tractament de trastorns com les f\u00f2bies. Tamb\u00e9 el Projecte de Benestar de Realitat Virtual Immersiva adre\u00e7at als seus professionals \u00e9s un exemple. En aquest cas, es tracta d\u2019un curs de mindfulness i gesti\u00f3 emocional per ensenyar t\u00e8cniques destinades a disminuir l&#8217;estr\u00e8s i augmentar el benestar dels treballadors. La realitat virtual tamb\u00e9 \u00e9s molt \u00fatil com a eina de formaci\u00f3. Per aquest motiu, dins el Pla de Formaci\u00f3 de BSA, s\u2019utilitza per a la formaci\u00f3 de professionals de medicina i infermeria d\u2019Urg\u00e8ncies, Atenci\u00f3 Prim\u00e0ria i residents per prendre decisions cl\u00edniques en entorns d\u2019urg\u00e8ncia.<\/p>\n\n\n\n<p>Destaca tamb\u00e9 l\u2019\u00fas de la realitat virtual per formar els professionals de medicina i infermeria d\u2019Urg\u00e8ncies i Atenci\u00f3 Prim\u00e0ria i els residents per prendre decisions cl\u00edniques en entorns d\u2019urg\u00e8ncia. I en el futur es preveu dur a terme una formaci\u00f3 per al personal de l\u2019organitzaci\u00f3 sobre situacions de viol\u00e8ncia de g\u00e8nere.&nbsp;<\/p>\n","protected":false},"excerpt":{"rendered":"<p>Professionals de l\u2019Hospital Municipal de Badalona de Badalona Serveis Assistencials (BSA) han utilitzat la realitat virtual com a nou m\u00e8tode de relaxaci\u00f3 en una intervenci\u00f3 quir\u00fargica, arribant a substituir la sedaci\u00f3 mitjan\u00e7ant f\u00e0rmacs. En concret, la pacient que es va sotmetre a una herniorrafia amb anest\u00e8sia epidural va utilitzar unes ulleres de realitat virtual amb [&hellip;]<\/p>\n","protected":false},"author":2,"featured_media":5598,"comment_status":"open","ping_status":"open","sticky":false,"template":"","format":"standard","meta":{"footnotes":""},"categories":[23,24],"tags":[],"class_list":{"0":"post-5597","1":"post","2":"type-post","3":"status-publish","4":"format-standard","5":"has-post-thumbnail","7":"category-actualitat","8":"category-societat"},"_links":{"self":[{"href":"https:\/\/areabadalona.com\/diario\/wp-json\/wp\/v2\/posts\/5597","targetHints":{"allow":["GET"]}}],"collection":[{"href":"https:\/\/areabadalona.com\/diario\/wp-json\/wp\/v2\/posts"}],"about":[{"href":"https:\/\/areabadalona.com\/diario\/wp-json\/wp\/v2\/types\/post"}],"author":[{"embeddable":true,"href":"https:\/\/areabadalona.com\/diario\/wp-json\/wp\/v2\/users\/2"}],"replies":[{"embeddable":true,"href":"https:\/\/areabadalona.com\/diario\/wp-json\/wp\/v2\/comments?post=5597"}],"version-history":[{"count":1,"href":"https:\/\/areabadalona.com\/diario\/wp-json\/wp\/v2\/posts\/5597\/revisions"}],"predecessor-version":[{"id":5599,"href":"https:\/\/areabadalona.com\/diario\/wp-json\/wp\/v2\/posts\/5597\/revisions\/5599"}],"wp:featuredmedia":[{"embeddable":true,"href":"https:\/\/areabadalona.com\/diario\/wp-json\/wp\/v2\/media\/5598"}],"wp:attachment":[{"href":"https:\/\/areabadalona.com\/diario\/wp-json\/wp\/v2\/media?parent=5597"}],"wp:term":[{"taxonomy":"category","embeddable":true,"href":"https:\/\/areabadalona.com\/diario\/wp-json\/wp\/v2\/categories?post=5597"},{"taxonomy":"post_tag","embeddable":true,"href":"https:\/\/areabadalona.com\/diario\/wp-json\/wp\/v2\/tags?post=5597"}],"curies":[{"name":"wp","href":"https:\/\/api.w.org\/{rel}","templated":true}]}}