{"id":5590,"date":"2023-07-25T14:15:13","date_gmt":"2023-07-25T14:15:13","guid":{"rendered":"https:\/\/areabadalona.com\/diario\/?p=5590"},"modified":"2023-07-25T14:15:14","modified_gmt":"2023-07-25T14:15:14","slug":"el-ple-de-lajuntament-de-badalona-aprova-destinar-23-milions-deuros-a-actuacions-urgents-de-millora-a-la-ciutat","status":"publish","type":"post","link":"https:\/\/areabadalona.com\/diario\/2023\/07\/25\/el-ple-de-lajuntament-de-badalona-aprova-destinar-23-milions-deuros-a-actuacions-urgents-de-millora-a-la-ciutat\/","title":{"rendered":"El Ple de l\u2019Ajuntament de Badalona aprova destinar 23 milions d\u2019euros a actuacions urgents de millora a la ciutat\u00a0"},"content":{"rendered":"\n<p>El Ple El Ple de l\u2019Ajuntament de Badalona ha aprovat aquest dilluns, en la sessi\u00f3 plen\u00e0ria ordin\u00e0ria corresponent al mes de juliol, diversos punts que inclouen modificacions pressupost\u00e0ries que permetran a l\u2019Ajuntament disposar de m\u00e9s de 23 milions d\u2019euros per a actuacions urgents de millora a la ciutat.&nbsp;<\/p>\n\n\n\n<p>El Ple, el primer que se celebra en sessi\u00f3 ordin\u00e0ria des de la formaci\u00f3 del nou Govern municipal sorgit de les passades eleccions del mes de maig, ha aprovat una modificaci\u00f3 de Pressupost de l\u2019Ajuntament 2023, en pr\u00f2rroga del de 2022, i el seu annex d\u2019inversions, per un import de 15,28 milions d\u2019euros que es destinen a millores vi\u00e0ries urgents. Entre d\u2019altres s\u2019inclouen millores a la pla\u00e7a de la Baixadeta; al carrer de Nelson Mandela; al parc de Torrents i Llad\u00f3; parc del Gran Sol; pla\u00e7a del president Tarradellas; descontaminaci\u00f3 de la Mora; carrer del Doctor Robert; rambla de Sant Joan; Casal de Gent Gran de Canyad\u00f3 o el passeig Mar\u00edtim, entre d\u2019altres.&nbsp;<\/p>\n\n\n\n<p>Tamb\u00e9 s\u2019ha aprovat la proposta de modificaci\u00f3 del pressupost de 2023, en pr\u00f2rroga de 2022, per a inversions en instal\u00b7lacions de la Gu\u00e0rdia Urbana i en l\u2019avinguda d\u2019Alfons XIII per un valor de 3,4 milions d\u2019euros.&nbsp;<\/p>\n\n\n\n<p>Les pistes d\u2019atletisme de Badalona tamb\u00e9 rebran una inversi\u00f3 de 3,8 milions d\u2019euros per l\u2019aprovaci\u00f3 d\u2019una altra modificaci\u00f3 pressupost\u00e0ria. Aix\u00ed mateix, entre les modificacions de cr\u00e8dit tamb\u00e9 aprovades hi ha els 95.000 euros per als ajuts Covid pendents a aut\u00f2noms i microempreses de Badalona.&nbsp;<\/p>\n\n\n\n<p>D\u2019altra banda, i tamb\u00e9 a c\u00e0rrec del romanent de tresoreria de l\u2019Ajuntament quantificat en m\u00e9s de 144 milions d\u2019euros, el Ple de l\u2019Ajuntament ha aprovat l\u2019abonament de factures pendents de pagament per un import de prop de 12 milions d\u2019euros.&nbsp;<\/p>\n\n\n\n<p><strong>Amortitzaci\u00f3 anticipada dels cr\u00e8dits&nbsp;<\/strong><\/p>\n\n\n\n<p>En la mateixa sessi\u00f3, el Ple de l\u2019Ajuntament de Badalona ha aprovat la proposta de modificaci\u00f3 del pressupost municipal de Badalona 2023, en pr\u00f2rroga del de 2022, relatiu a l\u2019amortitzaci\u00f3 anticipada dels cr\u00e8dits de mitj\u00e0 i llarg termini que tenia contret dels exercicis 2016, 2017 i 2019, per import de 17,2 milions d\u2019euros, que permetr\u00e0 que l\u2019Ajuntament de Badalona sigui un dels menys endeutats de tot Catalunya i estalvi\u00ef 600.000 euros en interessos bancaris.&nbsp;<\/p>\n\n\n\n<p>L\u2019alcalde de Badalona, Xavier Garcia Albiol, ha assenyalat que: \u201cAmb l\u2019aprovaci\u00f3 i la mobilitzaci\u00f3 d\u2019aquests recursos econ\u00f2mics, aquest Govern municipal dona bona mostra que no volem perdre ni un minut en redre\u00e7ar la situaci\u00f3 de par\u00e0lisi que des de feia anys tenia la ciutat\u201d. L\u2019alcalde ha afegit que: \u201cDes del primer dia volem que els diners que t\u00e9 l\u2019Ajuntament es destinin a la millora dels carrers, dels serveis p\u00fablics i de la millora de les condicions de vida dels badalonins i badalonines\u201d.&nbsp;<\/p>\n","protected":false},"excerpt":{"rendered":"<p>El Ple El Ple de l\u2019Ajuntament de Badalona ha aprovat aquest dilluns, en la sessi\u00f3 plen\u00e0ria ordin\u00e0ria corresponent al mes de juliol, diversos punts que inclouen modificacions pressupost\u00e0ries que permetran a l\u2019Ajuntament disposar de m\u00e9s de 23 milions d\u2019euros per a actuacions urgents de millora a la ciutat.&nbsp; El Ple, el primer que se celebra [&hellip;]<\/p>\n","protected":false},"author":2,"featured_media":5591,"comment_status":"open","ping_status":"open","sticky":false,"template":"","format":"standard","meta":{"footnotes":""},"categories":[23],"tags":[],"class_list":{"0":"post-5590","1":"post","2":"type-post","3":"status-publish","4":"format-standard","5":"has-post-thumbnail","7":"category-actualitat"},"_links":{"self":[{"href":"https:\/\/areabadalona.com\/diario\/wp-json\/wp\/v2\/posts\/5590","targetHints":{"allow":["GET"]}}],"collection":[{"href":"https:\/\/areabadalona.com\/diario\/wp-json\/wp\/v2\/posts"}],"about":[{"href":"https:\/\/areabadalona.com\/diario\/wp-json\/wp\/v2\/types\/post"}],"author":[{"embeddable":true,"href":"https:\/\/areabadalona.com\/diario\/wp-json\/wp\/v2\/users\/2"}],"replies":[{"embeddable":true,"href":"https:\/\/areabadalona.com\/diario\/wp-json\/wp\/v2\/comments?post=5590"}],"version-history":[{"count":1,"href":"https:\/\/areabadalona.com\/diario\/wp-json\/wp\/v2\/posts\/5590\/revisions"}],"predecessor-version":[{"id":5592,"href":"https:\/\/areabadalona.com\/diario\/wp-json\/wp\/v2\/posts\/5590\/revisions\/5592"}],"wp:featuredmedia":[{"embeddable":true,"href":"https:\/\/areabadalona.com\/diario\/wp-json\/wp\/v2\/media\/5591"}],"wp:attachment":[{"href":"https:\/\/areabadalona.com\/diario\/wp-json\/wp\/v2\/media?parent=5590"}],"wp:term":[{"taxonomy":"category","embeddable":true,"href":"https:\/\/areabadalona.com\/diario\/wp-json\/wp\/v2\/categories?post=5590"},{"taxonomy":"post_tag","embeddable":true,"href":"https:\/\/areabadalona.com\/diario\/wp-json\/wp\/v2\/tags?post=5590"}],"curies":[{"name":"wp","href":"https:\/\/api.w.org\/{rel}","templated":true}]}}