{"id":5587,"date":"2023-07-24T14:36:00","date_gmt":"2023-07-24T14:36:00","guid":{"rendered":"https:\/\/areabadalona.com\/diario\/?p=5587"},"modified":"2023-07-24T14:36:02","modified_gmt":"2023-07-24T14:36:02","slug":"el-govern-de-badalona-es-reuneix-amb-representants-dels-locals-doci-nocturn-per-abordar-les-necessitats-del-sector-a-la-ciutat","status":"publish","type":"post","link":"https:\/\/areabadalona.com\/diario\/2023\/07\/24\/el-govern-de-badalona-es-reuneix-amb-representants-dels-locals-doci-nocturn-per-abordar-les-necessitats-del-sector-a-la-ciutat\/","title":{"rendered":"El Govern de Badalona es reuneix amb representants dels locals d\u2019oci nocturn per abordar les necessitats del sector a la ciutat\u00a0"},"content":{"rendered":"\n<p>L\u2019alcalde de Badalona, Xavier Garcia Albiol, acompanyat de la segona tinenta d\u2019alcaldia i regidora de l\u2019\u00c0mbit d\u2019Impuls Econ\u00f2mic i de Ciutat, Treball, Cultura, Ciutadania i Govern, Cristina Ag\u00fcera, i el regidor de l\u2019\u00c0rea de Seguretat Ciutadana, Juan Manuel Ruiz, s\u2019ha reunit aquest mat\u00ed amb representants de la Federaci\u00f3 Catalana de Locals d&#8217;Oci Nocturn (FECALON) i empresaris del sector a la ciutat per con\u00e8ixer de primera m\u00e0 les seves necessitats i propostes i abordar conjuntament les mesures que s\u2019han d\u2019aplicar per millorar la situaci\u00f3 del sector d\u2019una manera que benefici\u00ef al conjunt de la ciutadania. &nbsp;<\/p>\n\n\n\n<p>L\u2019alcalde Albiol ha explicat als representants dels locals d\u2019oci nocturn que aquest dilluns es portar\u00e0 a la sessi\u00f3 ordin\u00e0ria del Ple una modificaci\u00f3 pressupost\u00e0ria que permetr\u00e0 que es tramitin les ajudes COVID que es van impulsar per donar suport al sector i que encara no s\u2019han fet efectives. L\u2019alcalde ha assegurat que els pagaments es podran fer al setembre, un cop s\u2019hagin enllestit tots els tr\u00e0mits preceptius. &nbsp;<\/p>\n\n\n\n<p>Durant la trobada tamb\u00e9 s\u2019ha acordat col\u00b7laborar per millorar la seguretat, tant en els locals d\u2019oci com en els seus entorns. En aquest sentit, s\u2019ha destacat la bona rebuda que han tingut els agents c\u00edvics nocturns que estan donant servei a les nits en els punts d\u2019oci nocturn m\u00e9s concorreguts de la ciutat. El Govern s\u2019ha comprom\u00e8s a consensuar noves mesures per garantir la m\u00e0xima seguretat possible durant les nits a la ciutat.&nbsp;<\/p>\n\n\n\n<p>La segona tinenta d\u2019alcaldia i regidora de l\u2019\u00c0mbit d\u2019Impuls Econ\u00f2mic i de Ciutat, Treball, Cultura, Ciutadania i Govern, Cristina Ag\u00fcera, ha agra\u00eft als assistents a la reuni\u00f3 \u201cla bona sintonia i predisposici\u00f3 a treballar conjuntament per millorar la situaci\u00f3 del sector d\u2019una manera beneficiosa per a tots els ve\u00efns i ve\u00efnes\u201d. Ag\u00fcera ha remarcat que \u201ctot i que fa poc m\u00e9s d\u2019un mes que estem a l\u2019Ajuntament, hem pogut desencallar la situaci\u00f3 de les ajudes COVID, que feia m\u00e9s d\u2019un any que estaven pendents. A m\u00e9s d\u2019aix\u00f2, ja hem fixat les bases per trobar nous punts d\u2019entesa i col\u00b7laboraci\u00f3 per promocionar el sector i fer que aquest sigui benefici\u00f3s i respectu\u00f3s amb Badalona\u201d. &nbsp;<\/p>\n","protected":false},"excerpt":{"rendered":"<p>L\u2019alcalde de Badalona, Xavier Garcia Albiol, acompanyat de la segona tinenta d\u2019alcaldia i regidora de l\u2019\u00c0mbit d\u2019Impuls Econ\u00f2mic i de Ciutat, Treball, Cultura, Ciutadania i Govern, Cristina Ag\u00fcera, i el regidor de l\u2019\u00c0rea de Seguretat Ciutadana, Juan Manuel Ruiz, s\u2019ha reunit aquest mat\u00ed amb representants de la Federaci\u00f3 Catalana de Locals d&#8217;Oci Nocturn (FECALON) i [&hellip;]<\/p>\n","protected":false},"author":1,"featured_media":5588,"comment_status":"open","ping_status":"open","sticky":false,"template":"","format":"standard","meta":{"footnotes":""},"categories":[23],"tags":[],"class_list":{"0":"post-5587","1":"post","2":"type-post","3":"status-publish","4":"format-standard","5":"has-post-thumbnail","7":"category-actualitat"},"_links":{"self":[{"href":"https:\/\/areabadalona.com\/diario\/wp-json\/wp\/v2\/posts\/5587","targetHints":{"allow":["GET"]}}],"collection":[{"href":"https:\/\/areabadalona.com\/diario\/wp-json\/wp\/v2\/posts"}],"about":[{"href":"https:\/\/areabadalona.com\/diario\/wp-json\/wp\/v2\/types\/post"}],"author":[{"embeddable":true,"href":"https:\/\/areabadalona.com\/diario\/wp-json\/wp\/v2\/users\/1"}],"replies":[{"embeddable":true,"href":"https:\/\/areabadalona.com\/diario\/wp-json\/wp\/v2\/comments?post=5587"}],"version-history":[{"count":1,"href":"https:\/\/areabadalona.com\/diario\/wp-json\/wp\/v2\/posts\/5587\/revisions"}],"predecessor-version":[{"id":5589,"href":"https:\/\/areabadalona.com\/diario\/wp-json\/wp\/v2\/posts\/5587\/revisions\/5589"}],"wp:featuredmedia":[{"embeddable":true,"href":"https:\/\/areabadalona.com\/diario\/wp-json\/wp\/v2\/media\/5588"}],"wp:attachment":[{"href":"https:\/\/areabadalona.com\/diario\/wp-json\/wp\/v2\/media?parent=5587"}],"wp:term":[{"taxonomy":"category","embeddable":true,"href":"https:\/\/areabadalona.com\/diario\/wp-json\/wp\/v2\/categories?post=5587"},{"taxonomy":"post_tag","embeddable":true,"href":"https:\/\/areabadalona.com\/diario\/wp-json\/wp\/v2\/tags?post=5587"}],"curies":[{"name":"wp","href":"https:\/\/api.w.org\/{rel}","templated":true}]}}