{"id":5583,"date":"2023-07-23T23:28:00","date_gmt":"2023-07-23T23:28:00","guid":{"rendered":"https:\/\/areabadalona.com\/diario\/?p=5583"},"modified":"2023-07-24T14:31:08","modified_gmt":"2023-07-24T14:31:08","slug":"el-psc-guanya-a-badalona-les-eleccions-generals","status":"publish","type":"post","link":"https:\/\/areabadalona.com\/diario\/2023\/07\/23\/el-psc-guanya-a-badalona-les-eleccions-generals\/","title":{"rendered":"El PSC guanya a Badalona les eleccions generals"},"content":{"rendered":"\n<p>Segons les dades facilitades pel Ministeri de l\u2019Interior, amb el 100% dels vots escrutats, la candidatura del Partit dels Socialistes de Catalunya (PSC-PSOE) ha estat la formaci\u00f3 pol\u00edtica m\u00e9s votada a Badalona en aquestes Eleccions Generals de 2023 amb un total de 40.090 vots (un 40,68%). La segona for\u00e7a m\u00e9s votada ha estat el Partit Popular (PP) amb un total de 16.405 vots (un 16,64%). En tercer lloc s\u2019ha situat Sumar \u2013 En Com\u00fa Podem amb 15.226 vots (un 15,45%). A continuaci\u00f3, Esquerra Republicana de Catalunya (ERC) amb 9.515 vots (un 9,65%); VOX amb 7.906 vots (un 8,02%) i Junts per Catalunya (JxCAT-JUNTS) amb 5.127 vots (un 5,20%).&nbsp;<\/p>\n\n\n\n<p>El nivell de participaci\u00f3 en aquestes eleccions a Badalona s\u2019ha situat en un 63,66%. &nbsp;<\/p>\n\n\n\n<p>Els resultats a Badalona han estat els seg\u00fcents:&nbsp;<\/p>\n\n\n\n<figure class=\"wp-block-table\"><table><tbody><tr><td><strong>Electors&nbsp;<\/strong><\/td><td>155.791<\/td><\/tr><tr><td><strong>Votants&nbsp;<\/strong><\/td><td>99.180<\/td><\/tr><tr><td><strong>Participaci\u00f3&nbsp;<\/strong><\/td><td>63,66%<\/td><\/tr><tr><td><strong>Vots blancs&nbsp;<\/strong><\/td><td>824 (0,83%)<\/td><\/tr><tr><td><strong>Vots nuls&nbsp;<\/strong><\/td><td>640 (0,64%)<\/td><\/tr><\/tbody><\/table><\/figure>\n\n\n\n<p>Els resultats de les diferents formacions pol\u00edtiques \u00e9s el seg\u00fcent&nbsp;<\/p>\n\n\n\n<figure class=\"wp-block-table\"><table><tbody><tr><td><strong>Partit&nbsp;<\/strong><\/td><td><strong>Nombre de vots&nbsp;<\/strong><\/td><td><strong>Percentatge&nbsp;<\/strong><\/td><\/tr><tr><td>Partit dels Socialistes de Catalunya (PSC-PSOE)&nbsp;<\/td><td>40.090&nbsp;<\/td><td>40,68%&nbsp;<\/td><\/tr><tr><td>Partit Popular (PP) &nbsp;<\/td><td>16.405&nbsp;<\/td><td>16,64%&nbsp;<\/td><\/tr><tr><td>Sumar &#8211; ECP&nbsp;<\/td><td>15.226&nbsp;<\/td><td>15,45%&nbsp;<\/td><\/tr><tr><td>Esquerra Republicana de Catalunya (ERC)&nbsp;<\/td><td>9.515&nbsp;<\/td><td>9,65%&nbsp;<\/td><\/tr><tr><td>VOX&nbsp;<\/td><td>7.906&nbsp;<\/td><td>8,02%&nbsp;<\/td><\/tr><tr><td>Junts per Catalunya &#8211; Junts&nbsp;<\/td><td>5.127&nbsp;<\/td><td>5,20%&nbsp;<\/td><\/tr><\/tbody><\/table><\/figure>\n","protected":false},"excerpt":{"rendered":"<p>Segons les dades facilitades pel Ministeri de l\u2019Interior, amb el 100% dels vots escrutats, la candidatura del Partit dels Socialistes de Catalunya (PSC-PSOE) ha estat la formaci\u00f3 pol\u00edtica m\u00e9s votada a Badalona en aquestes Eleccions Generals de 2023 amb un total de 40.090 vots (un 40,68%). La segona for\u00e7a m\u00e9s votada ha estat el Partit [&hellip;]<\/p>\n","protected":false},"author":1,"featured_media":5585,"comment_status":"open","ping_status":"open","sticky":false,"template":"","format":"standard","meta":{"footnotes":""},"categories":[23],"tags":[],"class_list":{"0":"post-5583","1":"post","2":"type-post","3":"status-publish","4":"format-standard","5":"has-post-thumbnail","7":"category-actualitat"},"_links":{"self":[{"href":"https:\/\/areabadalona.com\/diario\/wp-json\/wp\/v2\/posts\/5583","targetHints":{"allow":["GET"]}}],"collection":[{"href":"https:\/\/areabadalona.com\/diario\/wp-json\/wp\/v2\/posts"}],"about":[{"href":"https:\/\/areabadalona.com\/diario\/wp-json\/wp\/v2\/types\/post"}],"author":[{"embeddable":true,"href":"https:\/\/areabadalona.com\/diario\/wp-json\/wp\/v2\/users\/1"}],"replies":[{"embeddable":true,"href":"https:\/\/areabadalona.com\/diario\/wp-json\/wp\/v2\/comments?post=5583"}],"version-history":[{"count":1,"href":"https:\/\/areabadalona.com\/diario\/wp-json\/wp\/v2\/posts\/5583\/revisions"}],"predecessor-version":[{"id":5586,"href":"https:\/\/areabadalona.com\/diario\/wp-json\/wp\/v2\/posts\/5583\/revisions\/5586"}],"wp:featuredmedia":[{"embeddable":true,"href":"https:\/\/areabadalona.com\/diario\/wp-json\/wp\/v2\/media\/5585"}],"wp:attachment":[{"href":"https:\/\/areabadalona.com\/diario\/wp-json\/wp\/v2\/media?parent=5583"}],"wp:term":[{"taxonomy":"category","embeddable":true,"href":"https:\/\/areabadalona.com\/diario\/wp-json\/wp\/v2\/categories?post=5583"},{"taxonomy":"post_tag","embeddable":true,"href":"https:\/\/areabadalona.com\/diario\/wp-json\/wp\/v2\/tags?post=5583"}],"curies":[{"name":"wp","href":"https:\/\/api.w.org\/{rel}","templated":true}]}}