{"id":5577,"date":"2023-07-21T14:50:31","date_gmt":"2023-07-21T14:50:31","guid":{"rendered":"https:\/\/areabadalona.com\/diario\/?p=5577"},"modified":"2023-07-21T14:50:32","modified_gmt":"2023-07-21T14:50:32","slug":"badalona-disposara-del-servei-de-neteja-daigues-litorals-a-principis-dagost","status":"publish","type":"post","link":"https:\/\/areabadalona.com\/diario\/2023\/07\/21\/badalona-disposara-del-servei-de-neteja-daigues-litorals-a-principis-dagost\/","title":{"rendered":"Badalona disposar\u00e0 del servei de neteja d\u2019aig\u00fces litorals a principis d\u2019agost"},"content":{"rendered":"\n<p>Badalona comptar\u00e0 aquest pr\u00f2xim mes d\u2019agost amb una embarcaci\u00f3 que s\u2019encarregar\u00e0 del servei de neteja d\u2019aig\u00fces litorals. El govern municipal ha portat a terme en un mes el proc\u00e9s de licitaci\u00f3 d\u2019aquest servei que entrar\u00e0 en funcionament en els propers dies per minimitzar el problema de la pres\u00e8ncia de residus s\u00f2lids flotants a la zona de bany i a les platges del litoral del municipi: La pres\u00e8ncia d\u2019aquest tipus de materials \u00e9s un dels problemes m\u00e9s freq\u00fcents en el litoral badalon\u00ed.<\/p>\n\n\n\n<p>El servei inclour\u00e0:<\/p>\n\n\n\n<ul class=\"wp-block-list\">\n<li>L\u2019embarcaci\u00f3 de recollida de s\u00f2lids flotants, a m\u00e9s del personal i els mitjans o materials necessaris per dur a terme les tasques de neteja.<\/li>\n\n\n\n<li>La recollida i retirada de s\u00f2lids flotants i semisubmergits a la zona de bany, aix\u00ed com d\u2019altres residus i subst\u00e0ncies presents a l\u2019aigua de mar.<\/li>\n\n\n\n<li>Gesti\u00f3 dels residus i materials recollits a trav\u00e9s d\u2019un gestor de residus autoritzat.<\/li>\n\n\n\n<li>Millora de 3 jornades de neteja amb un dron aqu\u00e0tic.<\/li>\n<\/ul>\n\n\n\n<p>Per tal de netejar les aig\u00fces de bany, l\u2019embarcaci\u00f3 treballar\u00e0 de 10.30 a 18.30 hores cada dia de la setmana, caps de setmana i festius inclosos. Est\u00e0 previst l\u2019inici del servei la primera setmana d\u2019agost i el cost previst \u00e9s d\u2019aproximadament 29.000 \u20ac.<\/p>\n\n\n\n<p>La regidora de l\u2019\u00c0rea de Medi Ambient de l\u2019Ajuntament de Badalona, Sonia Egea, ha manifestat que: \u201cHem treballat a contrarellotge per poder fer la contractaci\u00f3 d\u2019urg\u00e8ncia de l\u2019embarcaci\u00f3, ja que el govern anterior no havia deixat res fet i encara que ja estem a mitja temporada de bany, entenem que \u00e9s un servei necessari per a millorar la qualitat mediambiental de les nostres platges i de cara al gaudi i esbarjo dels seus usuaris i usu\u00e0ries\u201d.<\/p>\n","protected":false},"excerpt":{"rendered":"<p>Badalona comptar\u00e0 aquest pr\u00f2xim mes d\u2019agost amb una embarcaci\u00f3 que s\u2019encarregar\u00e0 del servei de neteja d\u2019aig\u00fces litorals. El govern municipal ha portat a terme en un mes el proc\u00e9s de licitaci\u00f3 d\u2019aquest servei que entrar\u00e0 en funcionament en els propers dies per minimitzar el problema de la pres\u00e8ncia de residus s\u00f2lids flotants a la zona [&hellip;]<\/p>\n","protected":false},"author":1,"featured_media":5578,"comment_status":"open","ping_status":"open","sticky":false,"template":"","format":"standard","meta":{"footnotes":""},"categories":[23,24],"tags":[],"class_list":{"0":"post-5577","1":"post","2":"type-post","3":"status-publish","4":"format-standard","5":"has-post-thumbnail","7":"category-actualitat","8":"category-societat"},"_links":{"self":[{"href":"https:\/\/areabadalona.com\/diario\/wp-json\/wp\/v2\/posts\/5577","targetHints":{"allow":["GET"]}}],"collection":[{"href":"https:\/\/areabadalona.com\/diario\/wp-json\/wp\/v2\/posts"}],"about":[{"href":"https:\/\/areabadalona.com\/diario\/wp-json\/wp\/v2\/types\/post"}],"author":[{"embeddable":true,"href":"https:\/\/areabadalona.com\/diario\/wp-json\/wp\/v2\/users\/1"}],"replies":[{"embeddable":true,"href":"https:\/\/areabadalona.com\/diario\/wp-json\/wp\/v2\/comments?post=5577"}],"version-history":[{"count":1,"href":"https:\/\/areabadalona.com\/diario\/wp-json\/wp\/v2\/posts\/5577\/revisions"}],"predecessor-version":[{"id":5579,"href":"https:\/\/areabadalona.com\/diario\/wp-json\/wp\/v2\/posts\/5577\/revisions\/5579"}],"wp:featuredmedia":[{"embeddable":true,"href":"https:\/\/areabadalona.com\/diario\/wp-json\/wp\/v2\/media\/5578"}],"wp:attachment":[{"href":"https:\/\/areabadalona.com\/diario\/wp-json\/wp\/v2\/media?parent=5577"}],"wp:term":[{"taxonomy":"category","embeddable":true,"href":"https:\/\/areabadalona.com\/diario\/wp-json\/wp\/v2\/categories?post=5577"},{"taxonomy":"post_tag","embeddable":true,"href":"https:\/\/areabadalona.com\/diario\/wp-json\/wp\/v2\/tags?post=5577"}],"curies":[{"name":"wp","href":"https:\/\/api.w.org\/{rel}","templated":true}]}}