{"id":5575,"date":"2023-07-19T17:48:07","date_gmt":"2023-07-19T17:48:07","guid":{"rendered":"https:\/\/areabadalona.com\/diario\/?p=5575"},"modified":"2023-07-19T17:48:08","modified_gmt":"2023-07-19T17:48:08","slug":"els-mossos-desmantellen-una-organitzacio-criminal-que-es-dedicava-a-cometre-robatoris-violents-a-establiments-de-telefonia-i-denviament-de-diners","status":"publish","type":"post","link":"https:\/\/areabadalona.com\/diario\/2023\/07\/19\/els-mossos-desmantellen-una-organitzacio-criminal-que-es-dedicava-a-cometre-robatoris-violents-a-establiments-de-telefonia-i-denviament-de-diners\/","title":{"rendered":"Els Mossos desmantellen una organitzaci\u00f3 criminal que es dedicava a cometre robatoris violents a establiments de telefonia i d\u2019enviament de diners"},"content":{"rendered":"\n<p>La Unitat d\u2019Investigaci\u00f3 de Badalona dels Mossos d\u2019Esquadra ha detingut cinc persones d\u2019una organitzaci\u00f3 criminal, entre elles el l\u00edder, que es dedicaven a robar amb viol\u00e8ncia a establiments de telefonia i d\u2019enviament de diners de Badalona i Santa Coloma de Gramenet.<\/p>\n\n\n\n<p>El car\u00e0cter extremadament violent dels robatoris van posar en alerta els investigadors que van trobar diversos patrons seguits en els diferents fets estudiats. La investigaci\u00f3 es va dur a terme entre els mesos de febrer i juliol de 2023, per\u00f2 es t\u00e9 const\u00e0ncia que el grup operava com a tal des de finals de l\u2019any 2022.<\/p>\n\n\n\n<p>La organitzaci\u00f3 criminal tenia una estructura molt definida i hi havia rols molt concrets i delimitats pel que fa a l\u2019autoria material dels fets, la receptaci\u00f3 dels objectes sostrets o el circuit seguit amb els diners en met\u00e0l\u00b7lic que s\u2019enduien dels establiments.<\/p>\n\n\n\n<p>La not\u00edcia va transcendir a nivell internacional, ja que la comunitat pakistanesa s\u2019havia sentit amena\u00e7ada en detectar que eren ells els principals objectius d\u2019aquest grup. Un canal de not\u00edcies paquistan\u00e8s, <em>Bol Network<\/em>, se\u2019n va fer res\u00f2 i va publicar una not\u00edcia al respecte fa unes setmanes, de la qual van tenir coneixement els investigadors de la causa.<\/p>\n\n\n\n<p>Els investigadors tenen confirmada la participaci\u00f3 de l\u2019organitzaci\u00f3 criminal en 15 robatoris, en els que van sostreure uns 140.000 euros en efectiu i una cinquantena de tel\u00e8fons m\u00f2bils i ordinadors.<\/p>\n\n\n\n<p>L\u2019operaci\u00f3 duta a terme la matinada del 17 de juliol a les localitats de Barcelona i Badalona s\u2019ha saldat amb nou entrades i escorcolls, recuperaci\u00f3 d\u2019armes de foc i armes manufacturades molt lesives, 7.600 euros en efectiu, subst\u00e0ncies estupefaents (haixix i marihuana) i cinc detinguts, tot i que la investigaci\u00f3 encara \u00e9s oberta i resten per detenir m\u00e9s persones.<\/p>\n\n\n\n<p>La investigaci\u00f3 ha estat tutelada pel Jutjat d\u2019Instrucci\u00f3 n\u00famero 4 de Badalona i els detinguts van passar a disposici\u00f3 judicial el 18 de juliol de 2023.<\/p>\n","protected":false},"excerpt":{"rendered":"<p>La Unitat d\u2019Investigaci\u00f3 de Badalona dels Mossos d\u2019Esquadra ha detingut cinc persones d\u2019una organitzaci\u00f3 criminal, entre elles el l\u00edder, que es dedicaven a robar amb viol\u00e8ncia a establiments de telefonia i d\u2019enviament de diners de Badalona i Santa Coloma de Gramenet. El car\u00e0cter extremadament violent dels robatoris van posar en alerta els investigadors que van [&hellip;]<\/p>\n","protected":false},"author":2,"featured_media":529,"comment_status":"open","ping_status":"open","sticky":false,"template":"","format":"standard","meta":{"footnotes":""},"categories":[23],"tags":[],"class_list":{"0":"post-5575","1":"post","2":"type-post","3":"status-publish","4":"format-standard","5":"has-post-thumbnail","7":"category-actualitat"},"_links":{"self":[{"href":"https:\/\/areabadalona.com\/diario\/wp-json\/wp\/v2\/posts\/5575","targetHints":{"allow":["GET"]}}],"collection":[{"href":"https:\/\/areabadalona.com\/diario\/wp-json\/wp\/v2\/posts"}],"about":[{"href":"https:\/\/areabadalona.com\/diario\/wp-json\/wp\/v2\/types\/post"}],"author":[{"embeddable":true,"href":"https:\/\/areabadalona.com\/diario\/wp-json\/wp\/v2\/users\/2"}],"replies":[{"embeddable":true,"href":"https:\/\/areabadalona.com\/diario\/wp-json\/wp\/v2\/comments?post=5575"}],"version-history":[{"count":1,"href":"https:\/\/areabadalona.com\/diario\/wp-json\/wp\/v2\/posts\/5575\/revisions"}],"predecessor-version":[{"id":5576,"href":"https:\/\/areabadalona.com\/diario\/wp-json\/wp\/v2\/posts\/5575\/revisions\/5576"}],"wp:featuredmedia":[{"embeddable":true,"href":"https:\/\/areabadalona.com\/diario\/wp-json\/wp\/v2\/media\/529"}],"wp:attachment":[{"href":"https:\/\/areabadalona.com\/diario\/wp-json\/wp\/v2\/media?parent=5575"}],"wp:term":[{"taxonomy":"category","embeddable":true,"href":"https:\/\/areabadalona.com\/diario\/wp-json\/wp\/v2\/categories?post=5575"},{"taxonomy":"post_tag","embeddable":true,"href":"https:\/\/areabadalona.com\/diario\/wp-json\/wp\/v2\/tags?post=5575"}],"curies":[{"name":"wp","href":"https:\/\/api.w.org\/{rel}","templated":true}]}}