{"id":5572,"date":"2023-07-18T15:43:43","date_gmt":"2023-07-18T15:43:43","guid":{"rendered":"https:\/\/areabadalona.com\/diario\/?p=5572"},"modified":"2023-07-18T15:43:44","modified_gmt":"2023-07-18T15:43:44","slug":"carla-simon-rebra-la-venus-dhonor-de-la-49a-edicio-de-filmets-badalona-film-festival-que-li-sera-lliurada-a-la-sessio-inaugural-el-proper-20-doctubre","status":"publish","type":"post","link":"https:\/\/areabadalona.com\/diario\/2023\/07\/18\/carla-simon-rebra-la-venus-dhonor-de-la-49a-edicio-de-filmets-badalona-film-festival-que-li-sera-lliurada-a-la-sessio-inaugural-el-proper-20-doctubre\/","title":{"rendered":"Carla Sim\u00f3n rebr\u00e0 la Venus d&#8217;Honor de la 49a edici\u00f3 de FILMETS Badalona Film Festival, que li ser\u00e0 lliurada a la Sessi\u00f3 Inaugural el proper 20 d&#8217;octubre"},"content":{"rendered":"\n<p>La directora catalana Carla Sim\u00f3n rebr\u00e0 la Venus d&#8217;Honor de la 49 a edici\u00f3 de FILMETS Badalona Film Festival, que se celebrar\u00e0 del 20 al 28 d&#8217;octubre. L&#8217;acte de lliurament de la Venus d&#8217;Honor tindr\u00e0 lloca la Sessi\u00f3 Inaugural de FILMETS, el divendres 20 d&#8217;octubre a les 21 hores al Teatre Zorrilla de Badalona.<\/p>\n\n\n\n<p>Amb el lliurament d&#8217;aquest guard\u00f3, FILMETS vol recon\u00e8ixer la traject\u00f2ria cinematogr\u00e0fica de Carla Sim\u00f3n, vinculada al festival des de 2015. Carla Simon ha rebut aquest 2023 el Premio Nacional de Cinematografia, atorgat pel Ministerio de Cultura y Deporte; l&#8217;any 2022 va guanyar l&#8217;Os d&#8217;Or a la millor pel\u00b7l\u00edcula al Festival Internacional de Cine de Berlin; i l&#8217;any 2020 el Consell Nacional de la Cultura i les Arts li va atorgar el Premi Nacional de Cultura.<\/p>\n\n\n\n<p><strong>Carla Sim\u00f3n t\u00e9 una estreta vinculaci\u00f3 amb FILMETS<\/strong><\/p>\n\n\n\n<p>La directora de cinema Carla Sim\u00f3n, nascuda a Barcelona el 1986 per\u00f2 amb una part destacada de la seva fam\u00edlia arrelada a Badalona on ella hi va viure uns anys, t\u00e9 una estreta vinculaci\u00f3 amb FILMETS.<\/p>\n\n\n\n<p>L&#8217;any 2015, quan encara no era una directora coneguda, FILMETS la va descobrir amb el curt &#8216;Las peque\u00f1as cosas&#8217;. Amb aquesta pel\u00b7l\u00edcula va guanyar l&#8217;any 2015 la Venus al Millor Curt de Badalona quan tot just comen\u00e7ava la seva brillant i fruct\u00edfera carrera cinematogr\u00e0fica. &#8216;Las peque\u00f1as cosas era un curt de 27 minuts de durada del g\u00e8nere de ficci\u00f3.<\/p>\n\n\n\n<p>M\u00e9s recentment, Carla Sim\u00f3n ha tornat a passar per FILMETS. L&#8217;any 2019 va presentar el seu curt &#8216;Despu\u00e9s tambi\u00e9n&#8217; davant d&#8217;un p\u00fablic que omplia a vessar el Teatre Zorrrilla. I l&#8217;any seg\u00fcent, el 2020, FILMETS va obrir el festival amb el curtmetratge &#8216;Correspond\u00e8ncia&#8217;, una pel\u00b7l\u00edcula co-dirigida amb Dominga Sotomayor i que es veia per primer cop a Catalunya. En aquest curt hi apareixen familiars directes de Carla Sim\u00f3n que viuen a Badalona i amb qui de petita ella hi passava llargues temporades. Ambdues pel\u00b7l\u00edcules van ser presentdes a la Secci\u00f3 Oficial de FILMETS<\/p>\n","protected":false},"excerpt":{"rendered":"<p>La directora catalana Carla Sim\u00f3n rebr\u00e0 la Venus d&#8217;Honor de la 49 a edici\u00f3 de FILMETS Badalona Film Festival, que se celebrar\u00e0 del 20 al 28 d&#8217;octubre. L&#8217;acte de lliurament de la Venus d&#8217;Honor tindr\u00e0 lloca la Sessi\u00f3 Inaugural de FILMETS, el divendres 20 d&#8217;octubre a les 21 hores al Teatre Zorrilla de Badalona. Amb [&hellip;]<\/p>\n","protected":false},"author":2,"featured_media":5573,"comment_status":"open","ping_status":"open","sticky":false,"template":"","format":"standard","meta":{"footnotes":""},"categories":[25],"tags":[],"class_list":{"0":"post-5572","1":"post","2":"type-post","3":"status-publish","4":"format-standard","5":"has-post-thumbnail","7":"category-cultura"},"_links":{"self":[{"href":"https:\/\/areabadalona.com\/diario\/wp-json\/wp\/v2\/posts\/5572","targetHints":{"allow":["GET"]}}],"collection":[{"href":"https:\/\/areabadalona.com\/diario\/wp-json\/wp\/v2\/posts"}],"about":[{"href":"https:\/\/areabadalona.com\/diario\/wp-json\/wp\/v2\/types\/post"}],"author":[{"embeddable":true,"href":"https:\/\/areabadalona.com\/diario\/wp-json\/wp\/v2\/users\/2"}],"replies":[{"embeddable":true,"href":"https:\/\/areabadalona.com\/diario\/wp-json\/wp\/v2\/comments?post=5572"}],"version-history":[{"count":1,"href":"https:\/\/areabadalona.com\/diario\/wp-json\/wp\/v2\/posts\/5572\/revisions"}],"predecessor-version":[{"id":5574,"href":"https:\/\/areabadalona.com\/diario\/wp-json\/wp\/v2\/posts\/5572\/revisions\/5574"}],"wp:featuredmedia":[{"embeddable":true,"href":"https:\/\/areabadalona.com\/diario\/wp-json\/wp\/v2\/media\/5573"}],"wp:attachment":[{"href":"https:\/\/areabadalona.com\/diario\/wp-json\/wp\/v2\/media?parent=5572"}],"wp:term":[{"taxonomy":"category","embeddable":true,"href":"https:\/\/areabadalona.com\/diario\/wp-json\/wp\/v2\/categories?post=5572"},{"taxonomy":"post_tag","embeddable":true,"href":"https:\/\/areabadalona.com\/diario\/wp-json\/wp\/v2\/tags?post=5572"}],"curies":[{"name":"wp","href":"https:\/\/api.w.org\/{rel}","templated":true}]}}