{"id":5569,"date":"2023-07-14T14:11:25","date_gmt":"2023-07-14T14:11:25","guid":{"rendered":"https:\/\/areabadalona.com\/diario\/?p=5569"},"modified":"2023-07-17T16:00:10","modified_gmt":"2023-07-17T16:00:10","slug":"badalona-comenca-avui-una-campanya-de-sensibilitzacio-a-la-zona-doci-nocturn-per-conscienciar-dels-riscos-del-consum-de-substancies-addictives","status":"publish","type":"post","link":"https:\/\/areabadalona.com\/diario\/2023\/07\/14\/badalona-comenca-avui-una-campanya-de-sensibilitzacio-a-la-zona-doci-nocturn-per-conscienciar-dels-riscos-del-consum-de-substancies-addictives\/","title":{"rendered":"Badalona comen\u00e7a avui una campanya de sensibilitzaci\u00f3 a la zona d\u2019oci nocturn per conscienciar dels riscos del consum de subst\u00e0ncies addictives\u00a0"},"content":{"rendered":"\n<p>L\u2019Ajuntament de Badalona, a trav\u00e9s del Servei de Salut P\u00fablica, comen\u00e7a avui una campanya de sensibilitzaci\u00f3 a la zona d\u2019oci nocturn de Can Rib\u00f3 amb l\u2019objectiu de conscienciar dels riscos per a la salut que t\u00e9 el consum i l&#8217;ab\u00fas de subst\u00e0ncies addictives.&nbsp;<\/p>\n\n\n\n<p>Els encarregats de portar a terme aquestes intervencions a la via p\u00fablica a la zona d\u2019oci de Can Rib\u00f3 seran educadors i educadores de l\u2019Associaci\u00f3 d\u2019intervenci\u00f3 comunit\u00e0ria en Drogues (ASAUPAM), una entitat social formada per un equip mixt de persones de diferents formacions acad\u00e8miques i persones amb experi\u00e8ncia vital en l\u2019\u00e0mbit de les addiccions. &nbsp;<\/p>\n\n\n\n<p>Aquestes accions preventives es realitzaran els dies 14 i 28 de juliol, a partir de les 10 de la nit i fins a les 2 de la matinada. S\u2019instal\u00b7lar\u00e0 una carpa on els especialistes d\u2019ASAUPAM facilitaran informaci\u00f3 sobre subst\u00e0ncies i diferents tipus de consum per prevenir riscos derivats d\u2019aquest.&nbsp;<\/p>\n\n\n\n<p>La quarta tinenta d\u2019alcaldia i regidora de l\u2019\u00c0mbit de Comunicaci\u00f3, Fons Europeus i Protecci\u00f3 a les Persones, Rosa del Amo, ha explicat: \u201cAmb aquesta campanya volem incrementar la percepci\u00f3 entre la ciutadania, especialment entre els joves, dels riscos del consum de subst\u00e0ncies addictives. Per aquesta ra\u00f3, la intervenci\u00f3 es far\u00e0 a la zona d\u2019oci nocturn de Can Rib\u00f3, l\u2019espai on es concentra majorit\u00e0riament el jovent de la ciutat i d\u2019altres municipis\u201d. \u201c\u00c9s necessari refor\u00e7ar estrat\u00e8gies preventives d\u2019aquest tipus per tal que la poblaci\u00f3 prengui consci\u00e8ncia sobre les conseq\u00fc\u00e8ncies del consum d\u2019alcohol i drogues en la salut i tamb\u00e9 en les relacions socials\u201d, ha afegit. &nbsp;<\/p>\n","protected":false},"excerpt":{"rendered":"<p>L\u2019Ajuntament de Badalona, a trav\u00e9s del Servei de Salut P\u00fablica, comen\u00e7a avui una campanya de sensibilitzaci\u00f3 a la zona d\u2019oci nocturn de Can Rib\u00f3 amb l\u2019objectiu de conscienciar dels riscos per a la salut que t\u00e9 el consum i l&#8217;ab\u00fas de subst\u00e0ncies addictives.&nbsp; Els encarregats de portar a terme aquestes intervencions a la via p\u00fablica [&hellip;]<\/p>\n","protected":false},"author":2,"featured_media":5570,"comment_status":"open","ping_status":"open","sticky":false,"template":"","format":"standard","meta":{"footnotes":""},"categories":[23],"tags":[],"class_list":{"0":"post-5569","1":"post","2":"type-post","3":"status-publish","4":"format-standard","5":"has-post-thumbnail","7":"category-actualitat"},"_links":{"self":[{"href":"https:\/\/areabadalona.com\/diario\/wp-json\/wp\/v2\/posts\/5569","targetHints":{"allow":["GET"]}}],"collection":[{"href":"https:\/\/areabadalona.com\/diario\/wp-json\/wp\/v2\/posts"}],"about":[{"href":"https:\/\/areabadalona.com\/diario\/wp-json\/wp\/v2\/types\/post"}],"author":[{"embeddable":true,"href":"https:\/\/areabadalona.com\/diario\/wp-json\/wp\/v2\/users\/2"}],"replies":[{"embeddable":true,"href":"https:\/\/areabadalona.com\/diario\/wp-json\/wp\/v2\/comments?post=5569"}],"version-history":[{"count":1,"href":"https:\/\/areabadalona.com\/diario\/wp-json\/wp\/v2\/posts\/5569\/revisions"}],"predecessor-version":[{"id":5571,"href":"https:\/\/areabadalona.com\/diario\/wp-json\/wp\/v2\/posts\/5569\/revisions\/5571"}],"wp:featuredmedia":[{"embeddable":true,"href":"https:\/\/areabadalona.com\/diario\/wp-json\/wp\/v2\/media\/5570"}],"wp:attachment":[{"href":"https:\/\/areabadalona.com\/diario\/wp-json\/wp\/v2\/media?parent=5569"}],"wp:term":[{"taxonomy":"category","embeddable":true,"href":"https:\/\/areabadalona.com\/diario\/wp-json\/wp\/v2\/categories?post=5569"},{"taxonomy":"post_tag","embeddable":true,"href":"https:\/\/areabadalona.com\/diario\/wp-json\/wp\/v2\/tags?post=5569"}],"curies":[{"name":"wp","href":"https:\/\/api.w.org\/{rel}","templated":true}]}}