{"id":5563,"date":"2023-07-13T17:28:28","date_gmt":"2023-07-13T17:28:28","guid":{"rendered":"https:\/\/areabadalona.com\/diario\/?p=5563"},"modified":"2023-07-13T17:28:29","modified_gmt":"2023-07-13T17:28:29","slug":"reconeixement-als-jugadors-i-entrenadors-del-club-joventut-badalona-que-han-guanyat-la-medalla-dor-al-mundial-de-basquet-sub-19-amb-la-seleccio-espanyola","status":"publish","type":"post","link":"https:\/\/areabadalona.com\/diario\/2023\/07\/13\/reconeixement-als-jugadors-i-entrenadors-del-club-joventut-badalona-que-han-guanyat-la-medalla-dor-al-mundial-de-basquet-sub-19-amb-la-seleccio-espanyola\/","title":{"rendered":"Reconeixement als jugadors i entrenadors del Club Joventut Badalona que han guanyat la medalla d\u2019or al Mundial de b\u00e0squet sub-19 amb la selecci\u00f3 espanyola \u00a0"},"content":{"rendered":"\n<p>L\u2019alcalde de Badalona, Xavier Garcia Albiol, el primer tinent d\u2019alcaldia i regidor d\u2019Esports, Juan Fern\u00e1ndez, i representants dels grups municipals del consistori han rebut aquesta tarda al Sal\u00f3 de Plens de l\u2019Ajuntament de Badalona als quatre integrants de la selecci\u00f3 espanyola de b\u00e0squet sub-19, i membres del Club Joventut Badalona, que aquest estiu han guanyat el Mundial d\u2019Hongria celebrat a la ciutat de Debrecen del 24 de juny al 2 de juliol. &nbsp;<\/p>\n\n\n\n<p>Amb aquesta recepci\u00f3 l\u2019Ajuntament ha volgut retre homenatge al primer entrenador de la selecci\u00f3 espanyola de b\u00e0squet sub-19, Dani Miret, l\u2019entrenador ajudant, Aleix Duran, i els jugadors Jordi Rodr\u00edguez i Isaac Nogu\u00e9s, per la seva vict\u00f2ria en el campionat del m\u00f3n despr\u00e9s de guanyar en la final a la selecci\u00f3 francesa per 4 punts de difer\u00e8ncia (73 a 69). Aquest \u00e9s el segon t\u00edtol mundial que aconsegueix el conjunt espanyol en aquesta categoria al llarg de la seva hist\u00f2ria.&nbsp;<\/p>\n\n\n\n<p>L\u2019alcalde de Badalona, Xavier Garcia Albiol, ha traslladat l\u2019enhorabona per aquest \u00e8xit esportiu i ha destacat \u201cque la vostra vict\u00f2ria \u00e9s un orgull per a tots nosaltres, ja que porta el nom de Badalona arreu del m\u00f3n i demostra que som una ciutat on l\u2019esport i els seus valors s\u00f3n fonamentals\u201d. Garcia Albiol ha animat als homenatjats \u201ca continuar treballant i competint amb la mateixa const\u00e0ncia i il\u00b7lusi\u00f3 per poder assolir nous \u00e8xits i seguir fent gaudir a tots els ve\u00efns i ve\u00efnes de Badalona\u201d. \u201cSou molt joves, teniu molt de cam\u00ed al davant. Us desitjo que continueu gaudint del b\u00e0squet amb alegria i que continueu tenint altres ocasions de portar el nom de Badalona arreu del m\u00f3n per honorar-lo i contribuir al seu prestigi\u201d, ha concl\u00f2s l\u2019alcalde. &nbsp;<\/p>\n\n\n\n<p>Per la seva part, l\u2019entrenador de la selecci\u00f3 espanyola de b\u00e0squet sub-19 i entrenador ajudant del Club Joventut Badalona, Dani Miret, ha agra\u00eft el reconeixement de l\u2019Ajuntament i ha assegurat que \u201c\u00e9s un honor poder representar a la ciutat arreu del m\u00f3n i explicar arreu que Badalona \u00e9s el bressol del basquetbol, fet que no nom\u00e9s \u00e9s important en l\u2019\u00e0mbit de la competici\u00f3, sin\u00f3 tamb\u00e9 de la transmissi\u00f3 de valors positius en la formaci\u00f3 del jovent\u201d.&nbsp; &nbsp;<\/p>\n","protected":false},"excerpt":{"rendered":"<p>L\u2019alcalde de Badalona, Xavier Garcia Albiol, el primer tinent d\u2019alcaldia i regidor d\u2019Esports, Juan Fern\u00e1ndez, i representants dels grups municipals del consistori han rebut aquesta tarda al Sal\u00f3 de Plens de l\u2019Ajuntament de Badalona als quatre integrants de la selecci\u00f3 espanyola de b\u00e0squet sub-19, i membres del Club Joventut Badalona, que aquest estiu han guanyat [&hellip;]<\/p>\n","protected":false},"author":2,"featured_media":5564,"comment_status":"open","ping_status":"open","sticky":false,"template":"","format":"standard","meta":{"footnotes":""},"categories":[26],"tags":[],"class_list":{"0":"post-5563","1":"post","2":"type-post","3":"status-publish","4":"format-standard","5":"has-post-thumbnail","7":"category-esports"},"_links":{"self":[{"href":"https:\/\/areabadalona.com\/diario\/wp-json\/wp\/v2\/posts\/5563","targetHints":{"allow":["GET"]}}],"collection":[{"href":"https:\/\/areabadalona.com\/diario\/wp-json\/wp\/v2\/posts"}],"about":[{"href":"https:\/\/areabadalona.com\/diario\/wp-json\/wp\/v2\/types\/post"}],"author":[{"embeddable":true,"href":"https:\/\/areabadalona.com\/diario\/wp-json\/wp\/v2\/users\/2"}],"replies":[{"embeddable":true,"href":"https:\/\/areabadalona.com\/diario\/wp-json\/wp\/v2\/comments?post=5563"}],"version-history":[{"count":1,"href":"https:\/\/areabadalona.com\/diario\/wp-json\/wp\/v2\/posts\/5563\/revisions"}],"predecessor-version":[{"id":5565,"href":"https:\/\/areabadalona.com\/diario\/wp-json\/wp\/v2\/posts\/5563\/revisions\/5565"}],"wp:featuredmedia":[{"embeddable":true,"href":"https:\/\/areabadalona.com\/diario\/wp-json\/wp\/v2\/media\/5564"}],"wp:attachment":[{"href":"https:\/\/areabadalona.com\/diario\/wp-json\/wp\/v2\/media?parent=5563"}],"wp:term":[{"taxonomy":"category","embeddable":true,"href":"https:\/\/areabadalona.com\/diario\/wp-json\/wp\/v2\/categories?post=5563"},{"taxonomy":"post_tag","embeddable":true,"href":"https:\/\/areabadalona.com\/diario\/wp-json\/wp\/v2\/tags?post=5563"}],"curies":[{"name":"wp","href":"https:\/\/api.w.org\/{rel}","templated":true}]}}