{"id":5560,"date":"2023-07-08T15:41:00","date_gmt":"2023-07-08T15:41:00","guid":{"rendered":"https:\/\/areabadalona.com\/diario\/?p=5560"},"modified":"2023-07-11T15:42:18","modified_gmt":"2023-07-11T15:42:18","slug":"tistlebu-de-simon-matthew-valentine-guany-el-xvii-premi-serra-circular","status":"publish","type":"post","link":"https:\/\/areabadalona.com\/diario\/2023\/07\/08\/tistlebu-de-simon-matthew-valentine-guany-el-xvii-premi-serra-circular\/","title":{"rendered":"\u00abTistlebu\u00bb de Simon Matthew Valentine guany el XVII Premi Serra Circular"},"content":{"rendered":"\n<p>El conte norueg\u00a0<em>Tistlebu<\/em> de Simon Matthew Valentine s&#8217;end\u00fa el XVII Premi Serra Circular. Amb ingredients\u00a0de folk i cert erotisme tel\u00b7l\u00faric, el jurat ha defensat que \u00e9s una narraci\u00f3 perfecta sobre l&#8217;horror que pot desencadenar enfrontar-se a una natura idealitzada.<\/p>\n\n\n\n<p>El jurat oficial de Cryptshow Festival 2023 ha estat format&nbsp;per Josemi Beltr\u00e1n, Elio Quiroga, Alba Laguna, Ferran Lahoz i Karen Madrid i, a banda del Premi Serra Circular, ha premiat el seg\u00fcents curts:<\/p>\n\n\n\n<p>\u2013Millor gui\u00f3: <em>Pisanka<\/em> de Jorge Y\u00fadice<\/p>\n\n\n\n<p>&#8211;Millor Animaci\u00f3:<em> Zombie Meteor <\/em>de Alfonso Fulgencio i Jose Luis &nbsp;Farias&nbsp;<\/p>\n\n\n\n<p>&#8211;Millor director: Mael Le M\u00e9e per<em> \u00c0lex Machine<\/em><\/p>\n\n\n\n<p>&#8211;Millor interpretaci\u00f3: David Morente per <em>El padre bueno<\/em> i Malou Coindreau per <em>Incubus<\/em><\/p>\n\n\n\n<p>&nbsp;&#8211;Millor banda sonora: per Dorian Hult d\u2019<em>Himo<\/em> dirigida per Azh Boyzz, Teemu Saarinen i Ville Aittokumpu<\/p>\n\n\n\n<p>&#8211;Millors Efectes Especials: <em>La nueva<\/em> dirigida per Ivan Villamel<\/p>\n\n\n\n<p>&#8211;Millors Efectes Visuals: <em>Mantra<\/em> dirigida per Stef Meyer, Pascal Bourelier<\/p>\n\n\n\n<p>&#8211;Premi del p\u00fablic:&nbsp;<em> Deadline<\/em> de&nbsp;Idan Gilboa<\/p>\n\n\n\n<p>\u2013Premi del p\u00fablic juvenil: <em>Caraoscura<\/em> de Germ\u00e1n Sancho, Ra\u00fal Cerezo<\/p>\n","protected":false},"excerpt":{"rendered":"<p>El conte norueg\u00a0Tistlebu de Simon Matthew Valentine s&#8217;end\u00fa el XVII Premi Serra Circular. Amb ingredients\u00a0de folk i cert erotisme tel\u00b7l\u00faric, el jurat ha defensat que \u00e9s una narraci\u00f3 perfecta sobre l&#8217;horror que pot desencadenar enfrontar-se a una natura idealitzada. El jurat oficial de Cryptshow Festival 2023 ha estat format&nbsp;per Josemi Beltr\u00e1n, Elio Quiroga, Alba Laguna, [&hellip;]<\/p>\n","protected":false},"author":1,"featured_media":5561,"comment_status":"open","ping_status":"open","sticky":false,"template":"","format":"standard","meta":{"footnotes":""},"categories":[25],"tags":[],"class_list":{"0":"post-5560","1":"post","2":"type-post","3":"status-publish","4":"format-standard","5":"has-post-thumbnail","7":"category-cultura"},"_links":{"self":[{"href":"https:\/\/areabadalona.com\/diario\/wp-json\/wp\/v2\/posts\/5560","targetHints":{"allow":["GET"]}}],"collection":[{"href":"https:\/\/areabadalona.com\/diario\/wp-json\/wp\/v2\/posts"}],"about":[{"href":"https:\/\/areabadalona.com\/diario\/wp-json\/wp\/v2\/types\/post"}],"author":[{"embeddable":true,"href":"https:\/\/areabadalona.com\/diario\/wp-json\/wp\/v2\/users\/1"}],"replies":[{"embeddable":true,"href":"https:\/\/areabadalona.com\/diario\/wp-json\/wp\/v2\/comments?post=5560"}],"version-history":[{"count":1,"href":"https:\/\/areabadalona.com\/diario\/wp-json\/wp\/v2\/posts\/5560\/revisions"}],"predecessor-version":[{"id":5562,"href":"https:\/\/areabadalona.com\/diario\/wp-json\/wp\/v2\/posts\/5560\/revisions\/5562"}],"wp:featuredmedia":[{"embeddable":true,"href":"https:\/\/areabadalona.com\/diario\/wp-json\/wp\/v2\/media\/5561"}],"wp:attachment":[{"href":"https:\/\/areabadalona.com\/diario\/wp-json\/wp\/v2\/media?parent=5560"}],"wp:term":[{"taxonomy":"category","embeddable":true,"href":"https:\/\/areabadalona.com\/diario\/wp-json\/wp\/v2\/categories?post=5560"},{"taxonomy":"post_tag","embeddable":true,"href":"https:\/\/areabadalona.com\/diario\/wp-json\/wp\/v2\/tags?post=5560"}],"curies":[{"name":"wp","href":"https:\/\/api.w.org\/{rel}","templated":true}]}}