{"id":5557,"date":"2023-07-10T15:33:53","date_gmt":"2023-07-10T15:33:53","guid":{"rendered":"https:\/\/areabadalona.com\/diario\/?p=5557"},"modified":"2023-07-11T15:39:43","modified_gmt":"2023-07-11T15:39:43","slug":"els-teatres-zorrilla-margarida-xirgu-i-blas-infante-presenten-la-nova-programacio-per-la-temporada-de-setembre-a-desembre-del-2023","status":"publish","type":"post","link":"https:\/\/areabadalona.com\/diario\/2023\/07\/10\/els-teatres-zorrilla-margarida-xirgu-i-blas-infante-presenten-la-nova-programacio-per-la-temporada-de-setembre-a-desembre-del-2023\/","title":{"rendered":"Els teatres Zorrilla, Margarida Xirgu i Blas Infante presenten la nova programaci\u00f3 per la temporada de setembre a desembre del 2023\u00a0"},"content":{"rendered":"\n<p>Els teatres municipals de Badalona &#8211; Zorrilla, Margarida Xirgu i Blas Infante &#8211; ja tenen a punt <strong>la nova temporada setembre-desembre 2023<\/strong>. Quatre mesos de propostes singulars i innovadores, sense oblidar els grans cl\u00e0ssics i els \u00e8xits teatrals del moment, que l\u2019equip de Badalona Cultura presenta amb una nova l\u00ednia gr\u00e0fica i sota el lema res per veure, molt per observar, tota una invitaci\u00f3 a descobrir molt m\u00e9s, si observem amb deteniment el que passa dalt l\u2019escenari.&nbsp;<\/p>\n\n\n\n<p>El tret de sortida ser\u00e0 el dissabte 23 de setembre al Teatre Zorrilla amb <strong><em>Cost de vida<\/em><\/strong>. Un gran \u00e8xit teatral de l\u2019autora nord-americana Martyna Majok i dirigida per Pau Carri\u00f3 que planteja la necessitat de cuidar i deixar-se cuidar a trav\u00e9s d\u2019un elenc d\u2019actors i actrius conformat per grans noms com Julio Manrique, Anna Sahun, Pau Roca i Katrin Vankova.&nbsp;<\/p>\n\n\n\n<p>La companyia Titzina Teatro continuar\u00e0 el dissabte 30 de setembre al Teatre Margarida Xirgu amb <strong><em>B\u00faho<\/em><\/strong>, una obra que s\u2019endinsa en les profunditats de la mem\u00f2ria i el record. Per altra banda, la companyia basca Kulunka Teatro presentar\u00e0 el divendres 6 d\u2019octubre <strong><em>Forever<\/em><\/strong> al Teatre Zorrilla, una proposta ben original elaborada amb llenguatge gestual i de m\u00e0scares. El mes de novembre comen\u00e7ar\u00e0 amb la nova s\u00e0tira de La Cal\u00f2rica <strong><em>Le congr\u00e9s ne marche pas<\/em><\/strong>, seguida de la premiada obra (Premi Max 2023 a Millor Espectacle de Teatre) de Pablo Messiez, <strong><em>La voluntad de creer<\/em><\/strong>, que investiga i posa a prova la fe de creure del p\u00fablic, al Teatre Zorrilla els dissabtes 4 i 18, respectivament.&nbsp;<\/p>\n\n\n\n<p>La Banda Simf\u00f2nica de Badalona portar\u00e0 la primera cita musical de la temporada a l\u2019escenari del Zorrilla amb el seu cl\u00e0ssic <strong><em>Concert de Santa Cec\u00edlia<\/em><\/strong> el dissabte 25 de novembre.&nbsp;<\/p>\n\n\n\n<p>L\u2019endem\u00e0, diumenge 26 de novembre, al Teatre Blas Infante, l\u2019espectacle <strong><em>De perras y criadas<\/em><\/strong>, un soliloqui protagonitzat per Marta Fons que rememora una Andalusia extreta dels records reals de la fam\u00edlia del director, F\u00e9lix Herzog, homenatjar\u00e0 a totes les dones andaluses migrades a Catalunya.&nbsp;<\/p>\n\n\n\n<p>Josep Maria Mir\u00f3 iniciar\u00e0 un mes de desembre amb molta activitat al Teatre Zorrilla amb la seva obra <strong><em>El cos m\u00e9s bonic<\/em><\/strong> que s\u2019haur\u00e0 trobat mai en aquest lloc, un mon\u00f2leg a set veus condu\u00eft per Pere Arquillu\u00e9. Les actrius Candela Pe\u00f1a i Pilar Castro, sota la direcci\u00f3 d\u2019Israel Sol\u00e0, ens portaran des de Madrid l\u2019espectacle <strong><em>Contracciones<\/em><\/strong> del dramaturg Mike Bartlett el dissabte 16 de desembre. Per la seva banda, la directora Carlota Subir\u00f3s reinterpretar\u00e0 el divendres 22 de desembre la cl\u00e0ssica obra de Merc\u00e8 Rodoreda <strong><em>La pla\u00e7a del diamant <\/em><\/strong>a trav\u00e9s d\u2019un calidoscopi format per onze actrius.&nbsp;<\/p>\n\n\n\n<p>I tancaran la temporada, en dates nadalenques, dues propostes molt especials. La companyia Egos Teatre torna al Teatre Margarida Xirgu el dissabte 23 de desembre per presentar-nos la seva nova com\u00e8dia musical <strong><em>Baby Boom<\/em><\/strong>, una desenfrenada i desacomplexada s\u00e0tira que ha estat assajada en resid\u00e8ncia art\u00edstica a la sala d\u2019assaig del mateix teatre. I el 30 de desembre al Teatre Zorrilla l\u2019Orquestra Simf\u00f2nica de Sant Cugat oferir\u00e0 el seu tradicional <strong><em>Concert de valsos i danses<\/em><\/strong>.&nbsp;<\/p>\n\n\n\n<p><strong>ESPECTACLES FAMILIARS&nbsp;<\/strong><\/p>\n\n\n\n<p>Repartits al llarg de tota la temporada, les fam\u00edlies badalonines podran gaudir de quatre espectacles familiars molt originals i de gran qualitat: la divertida i esbojarrada versi\u00f3 del cl\u00e0ssic m\u00e9s actual de Hans Christian Andersen, <strong><em>Un vestit nou per a l\u2019emperador<\/em><\/strong>, de la companyia La Pera Llimonera; el joc musical i de titelles sobre la coexist\u00e8ncia de diverses esp\u00e8cies animals de la companyia De_paper, <strong><em>Miranius. L&#8217;aventura d&#8217;habitar el m\u00f3n<\/em><\/strong>; l\u2019experi\u00e8ncia immersiva dins l\u2019espai esc\u00e8nic de l\u2019escen\u00f2grafa S\u00edlvia Delagneau, <strong><em>Rave<\/em><\/strong>; i l\u2019espectacle de dansa i titelles, La gata que volia canviar la hist\u00f2ria, de la companyia Thomas Noone Dance, que es recupera de la temporada anterior.&nbsp;<\/p>\n\n\n\n<p><strong>FILMETS&nbsp;<\/strong><\/p>\n\n\n\n<p>Del 20 al 28 d\u2019octubre els teatres municipals acollir\u00e0 la <strong>49a edici\u00f3 del Festival FILMETS de Badalona<\/strong>. Una edici\u00f3 que mostrar\u00e0 en pantalla gran els curts que triomfen a tot el m\u00f3n, entre els quals hi haur\u00e0 premi\u00e8res i pel\u00b7l\u00edcules fetes per joves creadors.&nbsp;<\/p>\n\n\n\n<p>Les entrades seran d\u2019acc\u00e9s lliure, per\u00f2 les persones que hi vulguin assistir s\u2019hauran de registrar pr\u00e8viament al web <a href=\"http:\/\/www.festivalfilmets.cat\">www.festivalfilmets.cat<\/a>. &nbsp;<\/p>\n\n\n\n<p><strong>TALLERS DE TEATRE&nbsp;<\/strong><\/p>\n\n\n\n<p>El pr\u00f2xim mes d&#8217;octubre comen\u00e7ar\u00e0 un nou curs dels Tallers de teatre al Teatre Zorrilla.&nbsp;<\/p>\n\n\n\n<p>Les inscripcions per als quatre cursos d\u2019edat (de 10 a 12 anys, de 13 a 15, de 16 a 18 i majors d\u2019edat) s\u2019obriran el mes de setembre a trav\u00e9s del web <a href=\"http:\/\/www.teatrezorrilla.cat\/tallers-de-teatre\">www.teatrezorrilla.cat\/tallers-de-teatre<\/a>. I romandran actives fins a exhaurir places.&nbsp;<\/p>\n\n\n\n<p><strong>CINEMA AL TEATRE MARGARIDA XIRGU&nbsp;<\/strong><\/p>\n\n\n\n<p>Els tres cicles de cinema tornaran a visualitzar-se un any m\u00e9s al Teatre Margarida Xirgu. El <strong>Cicle Gaud\u00ed<\/strong> i el <strong>Docs del Mes<\/strong> es projectaran de manera mensual els dimecres a les 20h de la tarda. El cicle de cinema familiar <strong>P\u00e0ck M\u00e0gic<\/strong> se seguir\u00e0 fent un diumenge al mes a les 12h del mat\u00ed a excepci\u00f3 del mes d\u2019octubre, que no comptar\u00e0 amb cap sessi\u00f3 i se substituir\u00e0 pel dimecres 3 de gener a les 17 h de la tarda.&nbsp;<\/p>\n\n\n\n<p>VENDA D\u2019ENTRADES I ABONAMENTS&nbsp;<\/p>\n\n\n\n<p>Les entrades es podran comprar a partir del dimecres 26 de juliol al web&nbsp;<\/p>\n\n\n\n<p><a href=\"http:\/\/www.teatrezorrilla.cat\">www.teatrezorrilla.cat<\/a>. &nbsp;<\/p>\n\n\n\n<p>Les entrades de tots els espectacles <strong>se seguiran venent exclusivament<\/strong> per internet.&nbsp;<\/p>\n\n\n\n<p>Badalona Cultura assumir\u00e0 la comissi\u00f3 en la venda electr\u00f2nica per facilitar la compra per aquest canal. No obstant aix\u00f2, les <strong>taquilles del Teatre Zorrilla i Margarida Xirgu<\/strong> oferiran atenci\u00f3 presencial els dies que hi hagi funci\u00f3 (dues hores abans de l\u2019espectacle) i altres dies amb cita pr\u00e8via nom\u00e9s a aquelles persones que no tinguin acc\u00e9s a internet o que tinguin dificultats per comprar les entrades de manera telem\u00e0tica. Aquest servei es donar\u00e0 sempre amb cita pr\u00e8via trucant al 93 384 40 22 de dimarts a dijous de 12 a 14 h.&nbsp;<\/p>\n\n\n\n<p>Durant aquest mes de juliol, les taquilles del Teatre Zorrilla romandran obertes oferint atenci\u00f3 presencial en horari de 18 a 20.30 h els dies 24 i 25 de juliol. Aquesta temporada es continuen implementant els habituals abonaments de temporada. Es poden recollir, renovar i comprar de forma presencial els dies 18, 19, 20 i 21 de juliol de 18 a 20.30 h a la taquilla del Teatre Margarida Xirgu. I a partir del dimecres 26 de juliol es podr\u00e0 fer a trav\u00e9s del web <a href=\"http:\/\/www.teatrezorrilla.cat\">www.teatrezorrilla.cat<\/a>. &nbsp;<\/p>\n","protected":false},"excerpt":{"rendered":"<p>Els teatres municipals de Badalona &#8211; Zorrilla, Margarida Xirgu i Blas Infante &#8211; ja tenen a punt la nova temporada setembre-desembre 2023. Quatre mesos de propostes singulars i innovadores, sense oblidar els grans cl\u00e0ssics i els \u00e8xits teatrals del moment, que l\u2019equip de Badalona Cultura presenta amb una nova l\u00ednia gr\u00e0fica i sota el lema [&hellip;]<\/p>\n","protected":false},"author":1,"featured_media":5558,"comment_status":"open","ping_status":"open","sticky":false,"template":"","format":"standard","meta":{"footnotes":""},"categories":[25],"tags":[],"class_list":{"0":"post-5557","1":"post","2":"type-post","3":"status-publish","4":"format-standard","5":"has-post-thumbnail","7":"category-cultura"},"_links":{"self":[{"href":"https:\/\/areabadalona.com\/diario\/wp-json\/wp\/v2\/posts\/5557","targetHints":{"allow":["GET"]}}],"collection":[{"href":"https:\/\/areabadalona.com\/diario\/wp-json\/wp\/v2\/posts"}],"about":[{"href":"https:\/\/areabadalona.com\/diario\/wp-json\/wp\/v2\/types\/post"}],"author":[{"embeddable":true,"href":"https:\/\/areabadalona.com\/diario\/wp-json\/wp\/v2\/users\/1"}],"replies":[{"embeddable":true,"href":"https:\/\/areabadalona.com\/diario\/wp-json\/wp\/v2\/comments?post=5557"}],"version-history":[{"count":1,"href":"https:\/\/areabadalona.com\/diario\/wp-json\/wp\/v2\/posts\/5557\/revisions"}],"predecessor-version":[{"id":5559,"href":"https:\/\/areabadalona.com\/diario\/wp-json\/wp\/v2\/posts\/5557\/revisions\/5559"}],"wp:featuredmedia":[{"embeddable":true,"href":"https:\/\/areabadalona.com\/diario\/wp-json\/wp\/v2\/media\/5558"}],"wp:attachment":[{"href":"https:\/\/areabadalona.com\/diario\/wp-json\/wp\/v2\/media?parent=5557"}],"wp:term":[{"taxonomy":"category","embeddable":true,"href":"https:\/\/areabadalona.com\/diario\/wp-json\/wp\/v2\/categories?post=5557"},{"taxonomy":"post_tag","embeddable":true,"href":"https:\/\/areabadalona.com\/diario\/wp-json\/wp\/v2\/tags?post=5557"}],"curies":[{"name":"wp","href":"https:\/\/api.w.org\/{rel}","templated":true}]}}