{"id":5388,"date":"2023-06-02T11:32:38","date_gmt":"2023-06-02T11:32:38","guid":{"rendered":"https:\/\/areabadalona.com\/diario\/?p=5388"},"modified":"2023-06-02T11:32:39","modified_gmt":"2023-06-02T11:32:39","slug":"activitats-de-les-biblioteques-municipals-de-badalona-durant-el-mes-de-juny","status":"publish","type":"post","link":"https:\/\/areabadalona.com\/diario\/2023\/06\/02\/activitats-de-les-biblioteques-municipals-de-badalona-durant-el-mes-de-juny\/","title":{"rendered":"Activitats de les biblioteques municipals de Badalona durant el mes de juny\u00a0"},"content":{"rendered":"\n<p>La Biblioteca Canyad\u00f3 i Casagemes-Joan Argent\u00e9 ha preparat diversos actes commemoratius sobre la figura del poeta Joan Argent\u00e9 i Artigal. Del 16 al 30 de juny s\u2019exposar\u00e0 al vest\u00edbul de la biblioteca una mostra de la seva obra, i de peces personals, com ara el seu escriptori, cedides pel Museu de Badalona. Tamb\u00e9 s\u2019han creat aplicacions en vinil amb la imatge i la cronologia dels fets m\u00e9s rellevants de l\u2019autor que restaran al vest\u00edbul de la biblioteca de manera permanent. A m\u00e9s, el dia 22 tindr\u00e0 lloc una taula rodona per con\u00e8ixer la complexitat, la dimensi\u00f3 i la projecci\u00f3 de la figura del poeta, que s\u2019acompanyar\u00e0 de v\u00e0ries peces musicals a c\u00e0rrec d\u2019Oriol Tramvia. La taula estar\u00e0 moderada per Margarida Abras i tindr\u00e0 els ponents seg\u00fcents: Albet Ib\u00e1\u00f1ez, Isabel Gra\u00f1a, M. Teresa Biayna i Gerard Guerra.&nbsp;<\/p>\n\n\n\n<p>Durant aquest mes de juny es presenta a l\u2019espai infantil de les biblioteques Sant Roc, Llefi\u00e0-Xavier Soto i Can Casacuberta <strong>Guanyem un estiu lector<\/strong>, una campanya promoguda per a incentivar la lectura en temps de vacances, per a infants de prim\u00e0ria. &nbsp;<\/p>\n\n\n\n<p>Continua tamb\u00e9 la proposta de <strong>l\u2019Hora del conte<\/strong> on es pot trobar contes amb valors, tallers i jocs. Tamb\u00e9 cal destacar <strong>Que venen els pirates!<\/strong> activitat pensada per a familiaritzar els nadons amb el m\u00f3n del llibre, aix\u00ed com <strong>La natura que ens envolta,<\/strong> <strong>Sortida al Parc de la Mediterr\u00e0nia<\/strong> i <strong>Embolic a la biblioselva<\/strong>. Pel que fa als tallers, sobresurt <strong>Esp\u00e8cies Ex\u00f2tiques invasores<\/strong>, per sensibilitzar ambiental sobre la problem\u00e0tica de les esp\u00e8cies ex\u00f2tiques invasores dels ecosistemes aqu\u00e0tics, litorals i marins de Catalunya.&nbsp;<\/p>\n\n\n\n<p>A l\u2019espai <strong>Compartim el coneixement<\/strong>, tamb\u00e9 es destaca aquest mes la xerrada per a p\u00fablic adult d&#8217;en Xavier Barriga \u201cCoques: fetes a casa i amb el gust de sempre\u201d.&nbsp;<\/p>\n\n\n\n<p><strong>Guanyem un estiu lector&nbsp;<\/strong><\/p>\n\n\n\n<p>A l\u2019espai infantil les biblioteques Sant Roc, Llefi\u00e0-Xavier Soto i Can Casacuberta arrenquen <strong>Guanyem un estiu<\/strong> <strong>lector,<\/strong> una campanya promoguda des del Programa LECXIT de la Fundaci\u00f3 Bofill per a incentivar la lectura en temps de vacances, dirigida a infants de 3er, 4rt i 5\u00e8 de prim\u00e0ria. Es fa especial \u00e8mfasi per aquells que a l\u2019estiu no disposen d\u2019activitats que estimulin els seus aprenentatges. Aquest any es proposa enriquir l\u2019estiu amb orientacions i activitats de lectura per no deixar ning\u00fa enrere i garantir l\u2019inici del nou curs amb les ganes i la seguretat necess\u00e0ries per a que sigui un \u00e8xit! &nbsp;<\/p>\n\n\n\n<p>Del 6 al 29 de juny &nbsp;<\/p>\n\n\n\n<p>Calendari de sessions: &nbsp;<\/p>\n\n\n\n<p>\u25cf 6 de juny a les 17 h a la Biblioteca Sant Roc&nbsp;<\/p>\n\n\n\n<p>\u25cf 28 de juny a les 17.30 h a la Biblioteca Llefi\u00e0 &#8211; Xavier Soto&nbsp;<\/p>\n\n\n\n<p>\u25cf 29 de juny a les 17.30 a la Biblioteca Can Casacuberta. L&#8217;activitat es realitzar\u00e0 a la Sala Josep Ucl\u00e9s, ubicada al Centre Cultural El Carme, carrer de Francesc Layret, 78.&nbsp;<\/p>\n\n\n\n<p>Per a m\u00e9s informaci\u00f3: <a href=\"https:\/\/lecxit.cat\/guanyem-un-estiu-lector\/\">https:\/\/lecxit.cat\/guanyem-un-estiu-lector\/<\/a>&nbsp;<\/p>\n\n\n\n<p><strong>CALENDARI D\u2019ACTIVITATS&nbsp;<\/strong><\/p>\n\n\n\n<p>3 de juny a les 18 hores a la Biblioteca Llefi\u00e0 &#8211; Xavier Soto&nbsp;<\/p>\n\n\n\n<p><strong>Mostra d&#8217;entitats a Llefi\u00e0&nbsp;<\/strong><\/p>\n\n\n\n<p>La biblioteca participa a la XXV Mostra d&#8217;Entitats a Llefi\u00e0, que se celebra en el marc de les festes del barri de Sant Antoni de Llefi\u00e0. Organitza per la Comissi\u00f3 de Festes de Sant Antoni de Llefi\u00e0.&nbsp;<\/p>\n\n\n\n<p>6 de juny &nbsp;<\/p>\n\n\n\n<p>A partir de les 17 hores a la Biblioteca Canyad\u00f3 i Casagemes &#8211; Joan Argent\u00e9, Taller: <strong>Feli\u00e7 aniversari Josep Vallverd\u00fa! 100 anys&nbsp;<\/strong><\/p>\n\n\n\n<p>L&#8217;autor del llibre <em>Rovell\u00f3<\/em>, entre molts d&#8217;altres, el proper 9 de juliol far\u00e0 100 anys. Es far\u00e0 un joc amb els seus textos i se li far\u00e0 arribar una felicitaci\u00f3 d&#8217;aniversari.&nbsp;&nbsp;&nbsp;&nbsp;&nbsp;&nbsp;&nbsp;&nbsp;&nbsp;&nbsp; &nbsp;<\/p>\n\n\n\n<p>7 de juny a les 17.30 h&nbsp; a la Biblioteca Pomar&nbsp;<\/p>\n\n\n\n<p><strong>La natura que ens envolta. Sortida al Parc de la Mediterr\u00e0nia&nbsp;<\/strong><\/p>\n\n\n\n<p>Dins el projecte \u201cParcs i Biblioteques&#8230;naturalment!\u201d i per celebrar la Setmana de la Natura, sortida al Parc de la Mediterr\u00e0nia per a poder descobrir i gaudir d&#8217;un dels espais naturals m\u00e9s proper a la Biblioteca Pomar. S\u2019explicar\u00e0 un conte envoltats de natura, observaci\u00f3 i recollida de diversos elements que serviran per fer un taller a la biblioteca.&nbsp;&nbsp;&nbsp;&nbsp;&nbsp;&nbsp;&nbsp;&nbsp;&nbsp;&nbsp; &nbsp;<\/p>\n\n\n\n<p>7 de juny &nbsp;<\/p>\n\n\n\n<p>A les 17.30 h a la Biblioteca Llefi\u00e0 &#8211; Xavier Soto&nbsp;<\/p>\n\n\n\n<p><strong><em>En Calvin no sap volar&nbsp;<\/em><\/strong><\/p>\n\n\n\n<p>En Calvin pot volar amb la imaginaci\u00f3 gr\u00e0cies a la seva passi\u00f3 per la lectura, per\u00f2 encara no sap que aquesta habilitat pot ajudar-lo tamb\u00e9 a la seva vida di\u00e0ria. La sessi\u00f3 es completa amb un taller on crearem avions amb la forma del nostre ocell protagonista.&nbsp;<\/p>\n\n\n\n<p>7 de juny &nbsp;<\/p>\n\n\n\n<p>A les 18 h a la Biblioteca Canyad\u00f3 i Casagemes &#8211; Joan Argent\u00e9&nbsp;<\/p>\n\n\n\n<p><strong>Taller de patchwork i ganxet, a<\/strong> c\u00e0rrec de Isabel Mota.&nbsp;<\/p>\n\n\n\n<p>Vols aprendre a fer patchwork i ganxet? Cada dimecres de 18 a 20 hores&nbsp;<\/p>\n\n\n\n<p>8 de juny &nbsp;<\/p>\n\n\n\n<p>A les les 17.30 h a la Biblioteca Can Casacuberta&nbsp;<\/p>\n\n\n\n<p><strong><em>El corb i la serp&nbsp;<\/em><\/strong><\/p>\n\n\n\n<p>Qu\u00e8 \u00e9s m\u00e9s important, l\u2019ast\u00facia o la for\u00e7a? Un tema de la literatura universal i de la vida sobre el qual hi reflexiona Ramon Llull en aquest llibre.&nbsp;<\/p>\n\n\n\n<p>Aforament limitat. L&#8217;activitat es realitzar\u00e0 a la Sala Josep Ucl\u00e9s, ubicada al Centre Cultural El Carme, carrer de Francesc Layret, 78.&nbsp;<\/p>\n\n\n\n<p>9 de juny a les 17.30 h a la Biblioteca Llefi\u00e0 &#8211; Xavier Soto &nbsp;<\/p>\n\n\n\n<p><strong><em>Un arbre de contes&nbsp;<\/em><\/strong><\/p>\n\n\n\n<p>A c\u00e0rrec de Santi Rovira. Descansar a l&#8217;ombra d&#8217;un arbre pot convertir-se en un fet m\u00e0gic, sobretot si en lloc de fruits, a l&#8217;arbre, hi creixen contes. Un espectacle familiar, ecol\u00f2gic i sostenible, a c\u00e0rrec de Santi Rovira i la seva inseparable guitarra.&nbsp;<\/p>\n\n\n\n<p>L&#8217;activitat es far\u00e0 a la pla\u00e7a Trafalgar. Entrada lliure fins completar l&#8217;aforament. Emmarcada dins la tarda infantil i juvenil&nbsp;<\/p>\n\n\n\n<p>12 de juny &nbsp;<\/p>\n\n\n\n<p>A les 18 hores a la Biblioteca Sant Roc&nbsp;<\/p>\n\n\n\n<p><strong>Taller Esp\u00e8cies ex\u00f2tiques invasores&nbsp;<\/strong><\/p>\n\n\n\n<p>A c\u00e0rrec de Bibliosfera. Sensibilitzaci\u00f3 ambiental sobre la problem\u00e0tica de les esp\u00e8cies ex\u00f2tiques invasores dels ecosistemes aqu\u00e0tics, litorals i marins de Catalunya.&nbsp;<\/p>\n\n\n\n<p>13 de juny &nbsp;<\/p>\n\n\n\n<p>A les 17 h a la Biblioteca Canyad\u00f3 i Casagemes &#8211; Joan Argent\u00e9&nbsp;<\/p>\n\n\n\n<p><strong><em>Embolic a la biblioselva&nbsp;<\/em><\/strong><\/p>\n\n\n\n<p>Qu\u00e8 est\u00e0 passant a la biblioselva? Ajudeu-nos a resoldre el petit problema que t\u00e9 la senyoreta Zebra. Despr\u00e9s us podreu endur un llibre de la biblioselva creat per vosaltres mateixos.&nbsp;<\/p>\n\n\n\n<p>14 de juny &nbsp;<\/p>\n\n\n\n<p>A les 17:30 h a la Biblioteca Lloreda&nbsp;<\/p>\n\n\n\n<p><strong>Cabana de lectura&nbsp;<\/strong><\/p>\n\n\n\n<p>Taller a c\u00e0rrec de LabCreatiu. Amb tubs de PVC i roba de cot\u00f3 es construir\u00e0 una cabana que es decorar\u00e0 i es pintar\u00e0. Aquesta es quedar\u00e0 a la biblioteca perqu\u00e8 tothom pugui gaudir-ne.&nbsp;<\/p>\n\n\n\n<p>14 de juny &nbsp;<\/p>\n\n\n\n<p>A les 17.30 hores a la Biblioteca Pomar&nbsp;<\/p>\n\n\n\n<p><strong><em>L&#8217;Atrotinotrasto&nbsp;<\/em><\/strong><\/p>\n\n\n\n<p>L&#8217;hora del conte \u00e9s l&#8217;ocasi\u00f3 ideal perqu\u00e8 es retrobin petits i grans amb hist\u00f2ries i personatges, que faran gaudir, imaginar, compartir i aprendre. A continuaci\u00f3 tindr\u00e0 lloc un petit taller relacionat amb els contes.&nbsp;<\/p>\n\n\n\n<p>15 de juny &nbsp;<\/p>\n\n\n\n<p>A les 17.30 h a la Biblioteca Can Casacuberta&nbsp;<\/p>\n\n\n\n<p><strong><em>Una carta&nbsp;<\/em><\/strong><\/p>\n\n\n\n<p>Un dia, el vent va trobar una carta perduda. La pluja havia esborrat les lletres del sobre i no es podia saber per a qui era ni qui l\u2019havia escrita. Per\u00f2 la carta deia unes paraules precioses: \u00abT\u2019estimo\u00bb. Per aix\u00f2, el vent la va fer volar amunt i la va emp\u00e8nyer fort, molt fort. La carta trobaria el seu dest\u00ed i faria que alg\u00fa se sent\u00eds estimat. Poc es podia imaginar el vent que la carta cauria damunt del cap del Sr. Gat, sempre malhumorat i tancat a casa. Sempre? Potser la for\u00e7a de les paraules podia canviar la seva vida\u2026&nbsp;<\/p>\n\n\n\n<p>L&#8217;activitat es realitzar\u00e0 a la Sala Josep Ucl\u00e9s, ubicada al Centre Cultural El Carme, carrer de Francesc Layret, 78.&nbsp;<\/p>\n\n\n\n<p>21 de juny &nbsp;<\/p>\n\n\n\n<p>A partir de les 17.30 hores a la Biblioteca Pomar&nbsp;<\/p>\n\n\n\n<p><strong><em>El llop Pepito a la revetlla de Sant Joan&nbsp;<\/em><\/strong><\/p>\n\n\n\n<p>Activitat dins de l&#8217;hora del conte. A continuaci\u00f3 petit taller relacionat amb el conte.&nbsp;<\/p>\n\n\n\n<p>21 de juny d&nbsp;<\/p>\n\n\n\n<p>A partir de les 17.30 hores a la Biblioteca Llefi\u00e0 &#8211; Xavier Soto&nbsp;<\/p>\n\n\n\n<p><strong>Minilab: Llegim i juguem&nbsp;<\/strong><\/p>\n\n\n\n<p>Escoltar contes i jugar s\u00f3n pr\u00e0ctiques essencials en la primera inf\u00e0ncia per con\u00e8ixer el m\u00f3n i per aprendre a trav\u00e9s d&#8217;una experi\u00e8ncia emocional, activa i vivencial. Aquesta activitat convida les fam\u00edlies a la descoberta de contes i propostes de joc relacionades. Un viatge d&#8217;anada i tornada que ens portar\u00e0 del llibre al joc o del joc al llibre.&nbsp;<\/p>\n\n\n\n<p>22 de juny &nbsp;<\/p>\n\n\n\n<p>A partir de les 17.30 h a la Biblioteca Can Casacuberta&nbsp;<\/p>\n\n\n\n<p><strong><em>El dest\u00ed d&#8217;en Faust&nbsp;<\/em><\/strong><\/p>\n\n\n\n<p>Aquest \u00e0lbum il\u00b7lustrat ens proposa una reflexi\u00f3 sobre l\u2019\u00e9sser hum\u00e0 i la naturalesa. El llibre combina una poderosa prosa amb t\u00e8cniques tradicionals de gravat litogr\u00e0fic creades a un prestigi\u00f3s taller de Par\u00eds. El dest\u00ed d\u2019en Faust es basa en l\u2019her\u00e8ncia dels cl\u00e0ssics, per\u00f2 aplicant l\u2019original estil d\u2019aquest creador d\u2019\u00e0lbums il\u00b7lustrats, un estil que l\u2019ha distingit com un dels autors de llibres infantils m\u00e9s venuts.&nbsp;<\/p>\n\n\n\n<p>L&#8217;activitat es realitzar\u00e0 a la Sala Josep Ucl\u00e9s, ubicada al Centre Cultural El Carme, carrer de Francesc Layret, 78.&nbsp;&nbsp;&nbsp;&nbsp;&nbsp;&nbsp;&nbsp;&nbsp;&nbsp;&nbsp; &nbsp;<\/p>\n\n\n\n<p>27 de juny &nbsp;<\/p>\n\n\n\n<p>A les 17 hores a la biblioteca Canyad\u00f3 i Casagemes &#8211; Joan Argent\u00e9&nbsp;<\/p>\n\n\n\n<p><strong><em>Bebecontes: els pirates&nbsp;<\/em><\/strong><\/p>\n\n\n\n<p><strong><em>Que venen els pirates!&nbsp;<\/em><\/strong><\/p>\n\n\n\n<p>Activitat pensada per a familiaritzar els nadons amb el m\u00f3n del llibre. Atenci\u00f3, que venen els pirates! Es recomana venir amb roba c\u00f2moda per seure a terra amb el nad\u00f3 a la falda. Edat m\u00e0xima 36 mesos.&nbsp;<\/p>\n\n\n\n<p>27 de juny de les 17.30 h a la Biblioteca Lloreda&nbsp;<\/p>\n\n\n\n<p><strong>A la voreta del mar&nbsp;<\/strong><\/p>\n\n\n\n<p>A c\u00e0rrec de Cia Patawa. Farem un castell, descobrirem colors, nedarem entre peixets&#8230;&nbsp;<\/p>\n\n\n\n<p>28 de juny &nbsp;<\/p>\n\n\n\n<p>A les 17.30 h a la Biblioteca Pomar &nbsp;<\/p>\n\n\n\n<p><strong><em>En Pere sense por&nbsp;<\/em><\/strong><\/p>\n\n\n\n<p>L&#8217;hora del conte \u00e9s l&#8217;ocasi\u00f3 ideal perqu\u00e8 es retrobin petits i grans amb hist\u00f2ries i personatges, que faran gaudir, imaginar, compartir i aprendre. A continuaci\u00f3 tindr\u00e0 lloc un petit taller relacionat amb els contes.&nbsp;<\/p>\n\n\n\n<p><strong>JOCS DE TAULA&nbsp;<\/strong><\/p>\n\n\n\n<p>Del 10 al 24 de juny&nbsp;<\/p>\n\n\n\n<p>Dissabtes al mat\u00ed, la Biblioteca Can Casacuberta organitza els jocs de taula a la Sala Ucl\u00e9s. En aquestes sessions trobareu un munt de jocs per jugar amb els amics o la fam\u00edlia. Jocs per a desenvolupar l\u2019enginy, ampliar els coneixements i descobrir noves maneres de passar-s\u2019ho b\u00e9.&nbsp;<\/p>\n\n\n\n<p>Aforament limitat. L&#8217;activitat es realitzar\u00e0 a la Sala Josep Ucl\u00e9s, ubicada al Centre Cultural El Carme, carrer de Francesc Layret, 78.&nbsp;<\/p>\n\n\n\n<p>Calendari de sessions:&nbsp;<\/p>\n\n\n\n<p>\u25cf 10-06-2023, a les 11.30 h&nbsp;<\/p>\n\n\n\n<p>\u25cf 17-06-2023, a les 11.30 h&nbsp;<\/p>\n\n\n\n<p><strong>COMPARTIM EL CONEIXEMENT&nbsp;<\/strong><\/p>\n\n\n\n<p>Per a p\u00fablic adult&nbsp;<\/p>\n\n\n\n<p>16 de juny a les 18 hores a la Biblioteca Canyad\u00f3 i Casagemes &#8211; Joan Argent\u00e9&nbsp;<\/p>\n\n\n\n<p>Xerrada: <strong>\u201cCoques: fetes a casa i amb el gust de sempre\u201d<\/strong>. A c\u00e0rrec de Xavier Barriga.&nbsp;<\/p>\n\n\n\n<p>T\u2019agradaria con\u00e8ixer els principals secrets de les coques de Sant Joan? Vols veure com \u00e9s una massa de brioix i com s\u2019acaba amb crema pastissera? Parlarem de tot aix\u00f2 i de les principals coques que s\u2019elaboren per Sant Joan: des de la t\u00edpica de brioix amb fruita, de crema o de llardons fins a les exquisides coques de pasta de full farcides de crema i de xocolata.&nbsp; De la m\u00e0 del Xavier Barriga, flequer badalon\u00ed de quarta generaci\u00f3.&nbsp;<\/p>\n\n\n\n<p>Aforament limitat. Inscripci\u00f3 pr\u00e8via a b.badalona.ca@diba.cat, trucant al tel\u00e8fon 934 61 47 89 o presencialment a la pr\u00f2pia biblioteca.&nbsp;<\/p>\n\n\n\n<p>22 de juny, a les 18.30 h a la Biblioteca Canyad\u00f3 i Casagemes &#8211; Joan Argent\u00e9&nbsp;<\/p>\n\n\n\n<p><strong>Taula rodona \u201cJoan Argent\u00e9. Seminocturn, semidi\u00fcrn\u201d&nbsp;<\/strong><\/p>\n\n\n\n<p>La taula estar\u00e0 moderada per Margarida Abras&nbsp;<\/p>\n\n\n\n<p>18.30 h. Oriol Tramvia. Canta a Joan Argent\u00e9 i Artigal.&nbsp;<\/p>\n\n\n\n<p>Interpretaci\u00f3 de dues peces del seu disc \u201cOriol Tramvia. L\u2019Argent\u00e9 de Badalona\u201d.&nbsp;<\/p>\n\n\n\n<p>18.45 h. Inici de les pon\u00e8ncies:&nbsp;<\/p>\n\n\n\n<p>&#8211; Albert Iba\u00f1ez: La perplexitat d&#8217;en Joan Argent\u00e9 davant de la complexitat del m\u00f3n i com la seva escriptura \u00e9s un intent d&#8217;entendre&#8217;s ell mateix amb una mirada que va cap endins i cap enfora.&nbsp;<\/p>\n\n\n\n<p>&#8211; Isabel Gra\u00f1a. El llegat de Joan Argent\u00e9.&nbsp;<\/p>\n\n\n\n<p>&#8211; Maria Teresa Biayna: L&#8217;activisme ciutad\u00e0 d&#8217;en Joan Argent\u00e9 a favor de la llengua catalana i la llibertat, amb la capacitat de conviv\u00e8ncia i entesa que sempre el va caracteritzar.&nbsp;<\/p>\n\n\n\n<p>&#8211; Gerard Guerra Rib\u00f3: L\u2019obra po\u00e8tica de Joan Argent\u00e9 i la intentar\u00e0 acostar i fer assequible a tota mena de lectors.&nbsp;<\/p>\n\n\n\n<p>19.45 h. Oriol Tramvia. Canta a Joan Argent\u00e9 i Artigal.&nbsp;<\/p>\n\n\n\n<p>20.00 h. Cloenda d\u2019acte&nbsp;<\/p>\n\n\n\n<p><strong>EXPOSICIONS I APARADORS&nbsp;<\/strong><\/p>\n\n\n\n<p><strong>\u201cL&#8217;aparador de les meravelles\u201d&nbsp;<\/strong><\/p>\n\n\n\n<p>De l\u20191 al 30 de juny a la Biblioteca Sant Roc.&nbsp;<\/p>\n\n\n\n<p>La mostra presenta una tria de documents infantils i juvenils sobre els vuit temes o g\u00e8neres en qu\u00e8 es classifica la literatura.&nbsp;<\/p>\n\n\n\n<p><strong>\u201cOcellam\u201d&nbsp;<\/strong><\/p>\n\n\n\n<p>De l\u20191 al 30 de juny a la Biblioteca Canyad\u00f3 i Casagemes &#8211; Joan Argent\u00e9.&nbsp;<\/p>\n\n\n\n<p>Aquesta exposici\u00f3 \u00e9s un homenatge literari als ocells. S\u00f3n motiu d\u2019estudi de la ornitologia (branca de la zoologia que se n\u2019encarrega), per\u00f2 tamb\u00e9 s\u00f3n objecte de cultura (per dir-ho amb paraules de Miquel Ray\u00f3 al seu llibre <em>Aucellari<\/em>), capa\u00e7os de generar art ja sigui visual, t\u00e8xtil, literari, musical o l\u00fadic. D\u2019entre les variades esp\u00e8cies d\u2019ocells existents, s\u2019han escollit set: l\u2019oreneta que ens desperta matinera lleva\u2019t, lleva\u2019t demat\u00ed; el rossinyol amb el seu dol\u00e7 tau, tau, tau, xirivists; el pardal d\u2019enganxosa xerradissa xerritx, xerretx; el colom pagat de si mateix que parrupeja jo soc m\u00e9s guapo que tu; el corb amb el seu tenebr\u00f3s carn, carn; l\u2019oriol de piulada fixa figues flors, figues flors; la merla cridant xuca\u2019t, xuca\u2019t.&nbsp;<\/p>\n\n\n\n<p><strong>Centre d\u2019inter\u00e8s Joan Argent\u00e9&nbsp;<\/strong><\/p>\n\n\n\n<p>Del 16 al 30 de juny a la Biblioteca Canyad\u00f3 i Casagemes &#8211; Joan Argent\u00e9&nbsp;<\/p>\n\n\n\n<p>Mostra de la seva obra, i de peces personals del poeta cedides pel Museu de Badalona, com ara el seu escriptori i la cadira. Tamb\u00e9 s\u2019han creat aplicacions en vinil amb la imatge i la cronologia dels fets m\u00e9s rellevants de l\u2019autor que ja es restaran al vest\u00edbul de la biblioteca de manera permanen&nbsp;<\/p>\n\n\n\n<p><strong>Informaci\u00f3 i reserves pr\u00e8vies&nbsp;<\/strong><\/p>\n\n\n\n<p>Podeu consultar tota la programaci\u00f3 a: <a href=\"https:\/\/badabiblios.cat\/agenda\/\">https:\/\/badabiblios.cat\/agenda\/<\/a>&nbsp;<\/p>\n\n\n\n<p>D\u2019altra banda cal recordar que pel que fa a l\u2019activitat <strong>L\u2019Hora del conte<\/strong> el seu aforament \u00e9s limitat, i per tant es recomana fer reserva pr\u00e8via.&nbsp;<\/p>\n\n\n\n<p>\u2022 Biblioteca Can Casacuberta\/Sala Josep Ucl\u00e9s: <a href=\"mailto:b.badalona.cc@diba.cat\">b.badalona.cc@diba.cat<\/a>, tel. 662922339&nbsp;<\/p>\n\n\n\n<p>\u2022 Biblioteca Canyad\u00f3 i Casagemes \u2013 Joan Argent\u00e9: <a href=\"mailto:b.badalona.ca@diba.cat\">b.badalona.ca@diba.cat<\/a>, tel. 934 61 47 89&nbsp;<\/p>\n\n\n\n<p>\u2022 Biblioteca Llefi\u00e0-Xavier Soto: <a href=\"mailto:b.badalona.lle@diba.cat\">b.badalona.lle@diba.cat<\/a>, tel. 93 383 29 70&nbsp;<\/p>\n\n\n\n<p>\u2022 Biblioteca Lloreda: <a href=\"mailto:b.badalona.llo@diba.cat\">b.badalona.llo@diba.cat<\/a>, tel. 933873175&nbsp;<\/p>\n\n\n\n<p>\u2022 Biblioteca Pomar: <a href=\"mailto:b.badalona.p@diba.cat\">b.badalona.p@diba.cat<\/a>, tel. 93 395 35 07&nbsp;<\/p>\n\n\n\n<p>\u2022 Biblioteca Sant Roc: <a href=\"mailto:b.badalona.sr@diba.cat\">b.badalona.sr@diba.cat<\/a>, tel. 934 60 12 57&nbsp;<\/p>\n\n\n\n<p>Els infants han d&#8217;anar acompanyats d&#8217;un adult.&nbsp;<\/p>\n","protected":false},"excerpt":{"rendered":"<p>La Biblioteca Canyad\u00f3 i Casagemes-Joan Argent\u00e9 ha preparat diversos actes commemoratius sobre la figura del poeta Joan Argent\u00e9 i Artigal. Del 16 al 30 de juny s\u2019exposar\u00e0 al vest\u00edbul de la biblioteca una mostra de la seva obra, i de peces personals, com ara el seu escriptori, cedides pel Museu de Badalona. Tamb\u00e9 s\u2019han creat [&hellip;]<\/p>\n","protected":false},"author":2,"featured_media":5389,"comment_status":"open","ping_status":"open","sticky":false,"template":"","format":"standard","meta":{"footnotes":""},"categories":[23],"tags":[],"class_list":{"0":"post-5388","1":"post","2":"type-post","3":"status-publish","4":"format-standard","5":"has-post-thumbnail","7":"category-actualitat"},"_links":{"self":[{"href":"https:\/\/areabadalona.com\/diario\/wp-json\/wp\/v2\/posts\/5388","targetHints":{"allow":["GET"]}}],"collection":[{"href":"https:\/\/areabadalona.com\/diario\/wp-json\/wp\/v2\/posts"}],"about":[{"href":"https:\/\/areabadalona.com\/diario\/wp-json\/wp\/v2\/types\/post"}],"author":[{"embeddable":true,"href":"https:\/\/areabadalona.com\/diario\/wp-json\/wp\/v2\/users\/2"}],"replies":[{"embeddable":true,"href":"https:\/\/areabadalona.com\/diario\/wp-json\/wp\/v2\/comments?post=5388"}],"version-history":[{"count":1,"href":"https:\/\/areabadalona.com\/diario\/wp-json\/wp\/v2\/posts\/5388\/revisions"}],"predecessor-version":[{"id":5390,"href":"https:\/\/areabadalona.com\/diario\/wp-json\/wp\/v2\/posts\/5388\/revisions\/5390"}],"wp:featuredmedia":[{"embeddable":true,"href":"https:\/\/areabadalona.com\/diario\/wp-json\/wp\/v2\/media\/5389"}],"wp:attachment":[{"href":"https:\/\/areabadalona.com\/diario\/wp-json\/wp\/v2\/media?parent=5388"}],"wp:term":[{"taxonomy":"category","embeddable":true,"href":"https:\/\/areabadalona.com\/diario\/wp-json\/wp\/v2\/categories?post=5388"},{"taxonomy":"post_tag","embeddable":true,"href":"https:\/\/areabadalona.com\/diario\/wp-json\/wp\/v2\/tags?post=5388"}],"curies":[{"name":"wp","href":"https:\/\/api.w.org\/{rel}","templated":true}]}}