{"id":5385,"date":"2023-05-26T11:25:53","date_gmt":"2023-05-26T11:25:53","guid":{"rendered":"https:\/\/areabadalona.com\/diario\/?p=5385"},"modified":"2023-06-02T11:27:16","modified_gmt":"2023-06-02T11:27:16","slug":"exit-de-participacio-de-la-43-cursa-del-dimoni","status":"publish","type":"post","link":"https:\/\/areabadalona.com\/diario\/2023\/05\/26\/exit-de-participacio-de-la-43-cursa-del-dimoni\/","title":{"rendered":"\u00c8xit de participaci\u00f3 de la 43 Cursa del\u00a0Dimoni"},"content":{"rendered":"\n<p>M\u00e9s de 1.200 persones es van donar cita el passat 21 de maig en la celebraci\u00f3 de la 43 Cursa Popular&nbsp;Ciutat&nbsp;de Badalona, coneguda com la Cursa del&nbsp;Dimoni, organitzada per l&#8217;Ajuntament de la ciutat entorn de les Festes de Maig i en la qual el centre comercial&nbsp;Monigal\u00e0&nbsp;va col\u00b7laborar com a patrocinador de l&#8217;esdeveniment.<\/p>\n\n\n\n<p>L&#8217;\u00e8xit de participaci\u00f3 en totes les seves categories (10 quil\u00f2metres, 5 quil\u00f2metres per a adults, 5 quil\u00f2metres per a nens i joves, i carrera inclusiva) va propiciar una jornada festiva de conviv\u00e8ncia entorn de l&#8217;esport a la qual&nbsp;Montigal\u00e0&nbsp;es va sumar com a punt de recollida de dorsals i amb la implicaci\u00f3 tamb\u00e9 de diversos dels seus operadors, com a Dental&nbsp;Star&nbsp;i&nbsp;McDonalds, que van participar amb descomptes i regals.<\/p>\n\n\n\n<p>Amb aquesta acci\u00f3, el centre comercial&nbsp;Montigal\u00e0&nbsp;continua apostant per activitats que redundin en benefici de la societat per mitj\u00e0 de l&#8217;esport i la salut, estant al costat de la societat badalonina en els seus esdeveniments m\u00e9s destacats.<\/p>\n\n\n\n<p><strong>Sobre el Centre Comercial<\/strong><strong>&nbsp;<\/strong><strong>Montigal<\/strong><strong>\u00e0<\/strong><strong><\/strong><\/p>\n\n\n\n<p>Centre Comercial&nbsp;Montigal\u00e0&nbsp;de Badalona \u00e9s un punt de trobada entre el ve\u00efnat i acull diferents botigues per a satisfer tot tipus de compres. Durant tot l&#8217;any organitza promocions i sortejos, i disposa de zona infantils. De la mateixa manera, ofereix p\u00e0rquing gratu\u00eft a tots els seus visitants.<\/p>\n\n\n\n<p>Va ser inaugurat el 24 de setembre de 1991, a l&#8217;abric dels blocs d&#8217;una de les viles de periodistes dels Jocs Ol\u00edmpics de 1992, en el barri de nova construcci\u00f3 de&nbsp;Montigal\u00e0, que, anteriorment, havia estat tan sols un pol\u00edgon amb les carreteres tra\u00e7ades. La inversi\u00f3 va ser d&#8217;un total de 7.700 milions de pessetes, amb xifres importants tamb\u00e9 en extensi\u00f3, llocs de treball i places d&#8217;aparcament, que van fer de&nbsp;Montigal\u00e0&nbsp;el major centre comercial del moment a Catalunya. El principal motor d&#8217;aquest model va ser l&#8217;Hipermercat Continent, avui Carrefour. Al seu voltant es van instal\u00b7lar altres grans superf\u00edcies com&nbsp;Decathlon,&nbsp;Toys&nbsp;\u00abR\u00bbus,&nbsp;Conforama&nbsp;o Ikea.<br><br><\/p>\n\n\n\n<p>Aquest centre comercial acull un&nbsp;hipermercat&nbsp;Carrefour, botigues de&nbsp;moda i complements&nbsp;per a home, dona i nens \u2014com&nbsp;Punt&nbsp;Roma,&nbsp;Pimkie,&nbsp;Parfois,&nbsp;Kiabi\u2014, centres d&#8217;est\u00e8tica i perfumeria \u2014Yves&nbsp;Rocher o&nbsp;Equivalenza, entre altres\u2014, joieries i rellotgeries \u2014Fina Garc\u00eda o Or Viu\u2014, i botigues d&#8217;inform\u00e0tica, electr\u00f2nica electrodom\u00e8stics \u2014Media Markt \u2014, a m\u00e9s d&#8217;altres serveis. Pel que fa a l&#8217;oci, es troben diferents opcions, com&nbsp;Pans&nbsp;&amp; Company, McDonald&#8217;s,&nbsp;Braseria&nbsp;Ib\u00e8rica&nbsp;Camp de Tir o Enrique Tom\u00e1s. Durant tot l&#8217;any organitza promocions, sortejos i activitats, i disposa de&nbsp;zona infantil per a entretenir als m\u00e9s petits mentre es realitzen les compres.<\/p>\n","protected":false},"excerpt":{"rendered":"<p>M\u00e9s de 1.200 persones es van donar cita el passat 21 de maig en la celebraci\u00f3 de la 43 Cursa Popular&nbsp;Ciutat&nbsp;de Badalona, coneguda com la Cursa del&nbsp;Dimoni, organitzada per l&#8217;Ajuntament de la ciutat entorn de les Festes de Maig i en la qual el centre comercial&nbsp;Monigal\u00e0&nbsp;va col\u00b7laborar com a patrocinador de l&#8217;esdeveniment. L&#8217;\u00e8xit de participaci\u00f3 [&hellip;]<\/p>\n","protected":false},"author":1,"featured_media":5386,"comment_status":"open","ping_status":"open","sticky":false,"template":"","format":"standard","meta":{"footnotes":""},"categories":[26],"tags":[],"class_list":{"0":"post-5385","1":"post","2":"type-post","3":"status-publish","4":"format-standard","5":"has-post-thumbnail","7":"category-esports"},"_links":{"self":[{"href":"https:\/\/areabadalona.com\/diario\/wp-json\/wp\/v2\/posts\/5385","targetHints":{"allow":["GET"]}}],"collection":[{"href":"https:\/\/areabadalona.com\/diario\/wp-json\/wp\/v2\/posts"}],"about":[{"href":"https:\/\/areabadalona.com\/diario\/wp-json\/wp\/v2\/types\/post"}],"author":[{"embeddable":true,"href":"https:\/\/areabadalona.com\/diario\/wp-json\/wp\/v2\/users\/1"}],"replies":[{"embeddable":true,"href":"https:\/\/areabadalona.com\/diario\/wp-json\/wp\/v2\/comments?post=5385"}],"version-history":[{"count":1,"href":"https:\/\/areabadalona.com\/diario\/wp-json\/wp\/v2\/posts\/5385\/revisions"}],"predecessor-version":[{"id":5387,"href":"https:\/\/areabadalona.com\/diario\/wp-json\/wp\/v2\/posts\/5385\/revisions\/5387"}],"wp:featuredmedia":[{"embeddable":true,"href":"https:\/\/areabadalona.com\/diario\/wp-json\/wp\/v2\/media\/5386"}],"wp:attachment":[{"href":"https:\/\/areabadalona.com\/diario\/wp-json\/wp\/v2\/media?parent=5385"}],"wp:term":[{"taxonomy":"category","embeddable":true,"href":"https:\/\/areabadalona.com\/diario\/wp-json\/wp\/v2\/categories?post=5385"},{"taxonomy":"post_tag","embeddable":true,"href":"https:\/\/areabadalona.com\/diario\/wp-json\/wp\/v2\/tags?post=5385"}],"curies":[{"name":"wp","href":"https:\/\/api.w.org\/{rel}","templated":true}]}}