{"id":5382,"date":"2023-06-02T11:18:08","date_gmt":"2023-06-02T11:18:08","guid":{"rendered":"https:\/\/areabadalona.com\/diario\/?p=5382"},"modified":"2023-06-02T11:18:09","modified_gmt":"2023-06-02T11:18:09","slug":"lespai-betulia-acull-lexposicio-les-meves-fotografies-em-fan-por-eugeni-forcano-i-josep-pla","status":"publish","type":"post","link":"https:\/\/areabadalona.com\/diario\/2023\/06\/02\/lespai-betulia-acull-lexposicio-les-meves-fotografies-em-fan-por-eugeni-forcano-i-josep-pla\/","title":{"rendered":"L\u2019Espai Bet\u00falia acull l\u2019exposici\u00f3 \u201cLes meves fotografies em fan por. Eugeni Forcano i Josep Pla\u201d\u00a0"},"content":{"rendered":"\n<p>Dimecres, 7 de juny, es presenta a les 19 hores, a l\u2019Espai Bet\u00falia, Centre de la paraula i les lletres de Badalona (carrer d\u2019Enric Borr\u00e0s, 43-47) l\u2019exposici\u00f3 \u201cLes meves fotografies em fan por. Eugeni Forcano i Josep Pla\u201d.&nbsp;<\/p>\n\n\n\n<p>Es tracta d\u2019una mostra de les imatges que va fer el fot\u00f2graf Eugeni Forcano a Josep Pla amb motiu del 70\u00e8 aniversari de l\u2019escriptor empordan\u00e8s a iniciativa de l\u2019editor Josep Verg\u00e9s, propietari de l\u2019Editorial Destino. La relaci\u00f3 entre Forcano i Pla comen\u00e7a als anys seixanta, quan tots dos eren ja artistes consolidats i van col\u00b7laborar en un article a la revista <em>Destino<\/em> que va fer que comenc\u00e9s la seva fascinaci\u00f3 d\u2019un cap al treball de l\u2019altre. &nbsp;<\/p>\n\n\n\n<p>Tamb\u00e9 s\u2019hi podran veure fotografies recollides al llibre <em>A l&#8217;ombra seductora de Josep Pla<\/em> d\u2019Eugeni Forcano, que no han estat mai exposades al p\u00fablic fins ara, aix\u00ed com diversos documents que mostren la relaci\u00f3 i la m\u00fatua admiraci\u00f3 que es professaven l\u2019escriptor i el fot\u00f2graf.&nbsp;<\/p>\n\n\n\n<p>L\u2019exposici\u00f3 es podr\u00e0 veure de dilluns a divendres, de 10 a 20.30 hores, fins al 28 de juliol. La tarda del divendres 23 de juny, revetlla de Sant Joan, la mostra romandr\u00e0 tancada. &nbsp;<\/p>\n\n\n\n<p><strong><u>Activitats complement\u00e0ries&nbsp;<\/u><\/strong><\/p>\n\n\n\n<p><strong>Visita guiada&nbsp;<\/strong><\/p>\n\n\n\n<p>Dimecres 21 de juny, a les 19 hores. &nbsp;<\/p>\n\n\n\n<p>Amb Josep Guindo i Josep Maria Forcano.&nbsp;<\/p>\n\n\n\n<p><strong>Taula rodona&nbsp;<\/strong><\/p>\n\n\n\n<p>Dijous 6 de juliol, a les 19 hores.&nbsp;<\/p>\n\n\n\n<p>Amb la participaci\u00f3 de Josep Guindo, Antoni Mart\u00ed Monterde i Josep Maria Forcano.&nbsp;<\/p>\n","protected":false},"excerpt":{"rendered":"<p>Dimecres, 7 de juny, es presenta a les 19 hores, a l\u2019Espai Bet\u00falia, Centre de la paraula i les lletres de Badalona (carrer d\u2019Enric Borr\u00e0s, 43-47) l\u2019exposici\u00f3 \u201cLes meves fotografies em fan por. Eugeni Forcano i Josep Pla\u201d.&nbsp; Es tracta d\u2019una mostra de les imatges que va fer el fot\u00f2graf Eugeni Forcano a Josep Pla [&hellip;]<\/p>\n","protected":false},"author":2,"featured_media":5383,"comment_status":"open","ping_status":"open","sticky":false,"template":"","format":"standard","meta":{"footnotes":""},"categories":[23,25],"tags":[],"class_list":{"0":"post-5382","1":"post","2":"type-post","3":"status-publish","4":"format-standard","5":"has-post-thumbnail","7":"category-actualitat","8":"category-cultura"},"_links":{"self":[{"href":"https:\/\/areabadalona.com\/diario\/wp-json\/wp\/v2\/posts\/5382","targetHints":{"allow":["GET"]}}],"collection":[{"href":"https:\/\/areabadalona.com\/diario\/wp-json\/wp\/v2\/posts"}],"about":[{"href":"https:\/\/areabadalona.com\/diario\/wp-json\/wp\/v2\/types\/post"}],"author":[{"embeddable":true,"href":"https:\/\/areabadalona.com\/diario\/wp-json\/wp\/v2\/users\/2"}],"replies":[{"embeddable":true,"href":"https:\/\/areabadalona.com\/diario\/wp-json\/wp\/v2\/comments?post=5382"}],"version-history":[{"count":1,"href":"https:\/\/areabadalona.com\/diario\/wp-json\/wp\/v2\/posts\/5382\/revisions"}],"predecessor-version":[{"id":5384,"href":"https:\/\/areabadalona.com\/diario\/wp-json\/wp\/v2\/posts\/5382\/revisions\/5384"}],"wp:featuredmedia":[{"embeddable":true,"href":"https:\/\/areabadalona.com\/diario\/wp-json\/wp\/v2\/media\/5383"}],"wp:attachment":[{"href":"https:\/\/areabadalona.com\/diario\/wp-json\/wp\/v2\/media?parent=5382"}],"wp:term":[{"taxonomy":"category","embeddable":true,"href":"https:\/\/areabadalona.com\/diario\/wp-json\/wp\/v2\/categories?post=5382"},{"taxonomy":"post_tag","embeddable":true,"href":"https:\/\/areabadalona.com\/diario\/wp-json\/wp\/v2\/tags?post=5382"}],"curies":[{"name":"wp","href":"https:\/\/api.w.org\/{rel}","templated":true}]}}