{"id":5379,"date":"2023-06-02T11:11:03","date_gmt":"2023-06-02T11:11:03","guid":{"rendered":"https:\/\/areabadalona.com\/diario\/?p=5379"},"modified":"2023-06-02T11:11:04","modified_gmt":"2023-06-02T11:11:04","slug":"la-gent-gran-que-pateix-solitud-no-desitjada-i-els-problemes-de-salut-mental-son-els-temes-estrella-del-diagnostic-de-salut-comunitaria-del-cap-marti-i-julia-de-bsa","status":"publish","type":"post","link":"https:\/\/areabadalona.com\/diario\/2023\/06\/02\/la-gent-gran-que-pateix-solitud-no-desitjada-i-els-problemes-de-salut-mental-son-els-temes-estrella-del-diagnostic-de-salut-comunitaria-del-cap-marti-i-julia-de-bsa\/","title":{"rendered":"La gent gran que pateix solitud no desitjada i els problemes de salut mental s\u00f3n els temes estrella del diagn\u00f2stic de salut comunit\u00e0ria del CAP Mart\u00ed i Juli\u00e0 de BSA"},"content":{"rendered":"\n<p><strong>El CAP Mart\u00ed i Juli\u00e0 de Badalona Serveis Assistencials (BSA) ha celebrat la Jornada de Prioritzaci\u00f3 \u201cEscollir el millor per la nostra salut\u201d amb l\u2019objectiu de seleccionar les accions futures a emprendre per assolir un entorn m\u00e9s saludable.<\/strong><\/p>\n\n\n\n<p><strong>Es crearan dues taules que aglutinin els projectes de millora per abordar les problem\u00e0tiques prioritzades<\/strong><\/p>\n\n\n\n<p>La jornada de prioritzaci\u00f3 celebrada el passat 23 de maig al CAP Mart\u00ed i Juli\u00e0 de BSA amb el suport de l\u2019Ajuntament de Badalona, va comptar amb la participaci\u00f3 d\u2019una trentena depersones. Fruit de la din\u00e0mica participativa i amb l\u2019objectiu dedetectar, analitzar i millorar les necessitats en salut i benestar del ve\u00efnat dels barris de Casagemes, Canyad\u00f3 i Manres\u00e0, s\u2019han seleccionat com a prioritaris dos temes concrets: la solitud no desitjada de la gent gran i la salut mental.<\/p>\n\n\n\n<p>Aquesta jornada arriba despr\u00e9s del per\u00edode de recollida d\u2019opini\u00f3 del projecte de salut comunit\u00e0ria que es va iniciar al CAP l\u2019any 2019 i que a causa de la pand\u00e8mia va haver de posposar-se. Segueix l\u2019exemple d\u2019altres centres d\u2019atenci\u00f3 prim\u00e0ria de l\u2019organitzaci\u00f3 com el Consultori Local de Tiana, el CAP Progr\u00e9s Raval o el CAP Nova Lloreda. De fet, l\u2019any 2015 va ser el CAP Nova Lloreda el centre de BSA escollit com a pioner pel programa \u201cCOMSalut. Comunitat i salut\u201d, impulsat pel Departament de Salut, per potenciar les actuacions de salut comunit\u00e0ria, amb la participaci\u00f3 de l\u2019Ag\u00e8ncia de Salut P\u00fablica de Catalunya i l\u2019Ajuntament de Badalona.<\/p>\n\n\n\n<p>En el marc d\u2019aquest programa, el CAP Mart\u00ed i Juli\u00e0 ha realitzat un diagn\u00f2stic dels problemes de salut en els tres barris als que dona servei. La metodologia utilitzada combina l\u2019an\u00e0lisi d\u2019indicadors a nivell socialdemogr\u00e0fic, de salut, etc i, d\u2019altra banda, la participaci\u00f3 ciutadana per recollir l\u2019opini\u00f3 i establir quins dels problemes detectats cal abordar de forma priorit\u00e0ria.<\/p>\n\n\n\n<p>Actualment i fruit d\u2019aquesta iniciativa, es crearan dues taules formades per entitats i prove\u00efdors de serveis per treballar la solitud no volguda i la salut mental per tal de coordinar les intervencions des d\u2019una perspectiva comunit\u00e0ria.<\/p>\n","protected":false},"excerpt":{"rendered":"<p>El CAP Mart\u00ed i Juli\u00e0 de Badalona Serveis Assistencials (BSA) ha celebrat la Jornada de Prioritzaci\u00f3 \u201cEscollir el millor per la nostra salut\u201d amb l\u2019objectiu de seleccionar les accions futures a emprendre per assolir un entorn m\u00e9s saludable. Es crearan dues taules que aglutinin els projectes de millora per abordar les problem\u00e0tiques prioritzades La jornada [&hellip;]<\/p>\n","protected":false},"author":2,"featured_media":5380,"comment_status":"open","ping_status":"open","sticky":false,"template":"","format":"standard","meta":{"footnotes":""},"categories":[23,24],"tags":[],"class_list":{"0":"post-5379","1":"post","2":"type-post","3":"status-publish","4":"format-standard","5":"has-post-thumbnail","7":"category-actualitat","8":"category-societat"},"_links":{"self":[{"href":"https:\/\/areabadalona.com\/diario\/wp-json\/wp\/v2\/posts\/5379","targetHints":{"allow":["GET"]}}],"collection":[{"href":"https:\/\/areabadalona.com\/diario\/wp-json\/wp\/v2\/posts"}],"about":[{"href":"https:\/\/areabadalona.com\/diario\/wp-json\/wp\/v2\/types\/post"}],"author":[{"embeddable":true,"href":"https:\/\/areabadalona.com\/diario\/wp-json\/wp\/v2\/users\/2"}],"replies":[{"embeddable":true,"href":"https:\/\/areabadalona.com\/diario\/wp-json\/wp\/v2\/comments?post=5379"}],"version-history":[{"count":1,"href":"https:\/\/areabadalona.com\/diario\/wp-json\/wp\/v2\/posts\/5379\/revisions"}],"predecessor-version":[{"id":5381,"href":"https:\/\/areabadalona.com\/diario\/wp-json\/wp\/v2\/posts\/5379\/revisions\/5381"}],"wp:featuredmedia":[{"embeddable":true,"href":"https:\/\/areabadalona.com\/diario\/wp-json\/wp\/v2\/media\/5380"}],"wp:attachment":[{"href":"https:\/\/areabadalona.com\/diario\/wp-json\/wp\/v2\/media?parent=5379"}],"wp:term":[{"taxonomy":"category","embeddable":true,"href":"https:\/\/areabadalona.com\/diario\/wp-json\/wp\/v2\/categories?post=5379"},{"taxonomy":"post_tag","embeddable":true,"href":"https:\/\/areabadalona.com\/diario\/wp-json\/wp\/v2\/tags?post=5379"}],"curies":[{"name":"wp","href":"https:\/\/api.w.org\/{rel}","templated":true}]}}