{"id":5376,"date":"2023-06-02T11:03:16","date_gmt":"2023-06-02T11:03:16","guid":{"rendered":"https:\/\/areabadalona.com\/diario\/?p=5376"},"modified":"2023-06-02T11:03:17","modified_gmt":"2023-06-02T11:03:17","slug":"les-escoles-verdes-de-badalona-celebren-el-dia-mundial-del-medi-ambient-sota-el-lema-badalona-te-tela-jo-reestreno-jo-reutilitzo","status":"publish","type":"post","link":"https:\/\/areabadalona.com\/diario\/2023\/06\/02\/les-escoles-verdes-de-badalona-celebren-el-dia-mundial-del-medi-ambient-sota-el-lema-badalona-te-tela-jo-reestreno-jo-reutilitzo\/","title":{"rendered":"Les escoles verdes de Badalona celebren el Dia Mundial del Medi Ambient sota el lema \u201cBadalona t\u00e9 tela! Jo reestreno, jo reutilitzo\u201d\u00a0"},"content":{"rendered":"\n<p>El pr\u00f2xim dilluns, 5 de juny (festiu a Badalona), se celebra el Dia Mundial del Medi Ambient. Per aquest motiu la Xarxa d\u2019Escoles de Badalona per a la Sostenibilitat (XES-Bdn) ha organitzat durant la setmana <strong>del 6 al 9 de juny<\/strong>, a tots els centres educatius que hi pertanyen, un seguit d\u2019activitats amb la voluntat de conscienciar a la ciutadania sobre el greu impacte ambiental que suposa el consum excessiu de roba sota el lema \u201cBadalona t\u00e9 tela! Jo reestreno, jo reutilitzo\u201d.&nbsp;<\/p>\n\n\n\n<p>L\u2019activitat central que es far\u00e0 al centres que formen part de la Xarxa \u00e9s un intercanvi de samarretes entre l\u2019alumnat amb la idea que la roba que ha quedat petita als alumnes m\u00e9s grans pugui ser \u00abreestrenada\u00bb per altres alumnes, tal i com indica el lema de l\u2019acci\u00f3: \u00abjo reestreno, jo reutilitzo\u00bb. &nbsp;<\/p>\n\n\n\n<p>En paral\u00b7lel a l\u2019intercanvi de samarretes molts centres organitzaran tamb\u00e9 altres accions com ara desfilades de models amb roba de segona m\u00e0, gimcanes, debats, campanyes informatives realitzades per l\u2019alumnat, concursos, difusi\u00f3 de v\u00eddeos i fotografies a trav\u00e9s de les xarxes socials, etc.&nbsp;<\/p>\n\n\n\n<p>Actualment a Catalunya es consumeixen m\u00e9s de 22 quilograms de roba per habitant i any i la tend\u00e8ncia \u00e9s a l\u2019augment. De mitjana la gent compra un 60% m\u00e9s de roba que fa 15 anys i la conserva la meitat de temps. Aquest fenomen ha rebut el nom de <em>fast fashion<\/em> i representa un greu problema ambiental, doncs la ind\u00fastria t\u00e8xtil \u00e9s una de les m\u00e9s contaminants. &nbsp;<\/p>\n\n\n\n<p>Per fer arribar el missatge a les fam\u00edlies els centres repartiran el tr\u00edptic informatiu de la campanya \u201cLa cara oculta de la teva roba\u201d que va engegar l\u2019Ajuntament de Badalona fa uns mesos. Aquest tr\u00edptic es pot consultar a la p\u00e0gina web de l\u2019Ajuntament i cont\u00e9 informaci\u00f3 sobre l\u2019impacte ambiental dels teixits aix\u00ed com consells senzills que permeten vestir i tenir cura de la roba de manera m\u00e9s sostenible.&nbsp;<\/p>\n\n\n\n<p>Per a m\u00e9s informaci\u00f3:&nbsp;<\/p>\n\n\n\n<p><a href=\"http:\/\/badalona.cat\/portalWeb\/badalona.portal?_nfpb=true&amp;_pageLabel=contingut_estatic&amp;dDocName=AJB105272\" target=\"_blank\" rel=\"noreferrer noopener\">http:\/\/badalona.cat\/portalWeb\/badalona.portal?_nfpb=true&amp;_pageLabel=contingut_estatic&amp;dDocName=AJB105272<\/a>.&nbsp;<\/p>\n\n\n\n<p>I sobre la Xarxa d\u2019Escoles de Badalona per a la Sostenibilitat i les activitats que realitzen els centres podeu consultar el bloc de la xarxa: a: &nbsp;<a href=\"http:\/\/xarxaescolesbdnsostenibilitat.blogspot.com.es\/\">http:\/\/xarxaescolesbdnsostenibilitat.blogspot.com.es\/<\/a>&nbsp;<\/p>\n","protected":false},"excerpt":{"rendered":"<p>El pr\u00f2xim dilluns, 5 de juny (festiu a Badalona), se celebra el Dia Mundial del Medi Ambient. Per aquest motiu la Xarxa d\u2019Escoles de Badalona per a la Sostenibilitat (XES-Bdn) ha organitzat durant la setmana del 6 al 9 de juny, a tots els centres educatius que hi pertanyen, un seguit d\u2019activitats amb la voluntat [&hellip;]<\/p>\n","protected":false},"author":2,"featured_media":5377,"comment_status":"open","ping_status":"open","sticky":false,"template":"","format":"standard","meta":{"footnotes":""},"categories":[23],"tags":[],"class_list":{"0":"post-5376","1":"post","2":"type-post","3":"status-publish","4":"format-standard","5":"has-post-thumbnail","7":"category-actualitat"},"_links":{"self":[{"href":"https:\/\/areabadalona.com\/diario\/wp-json\/wp\/v2\/posts\/5376","targetHints":{"allow":["GET"]}}],"collection":[{"href":"https:\/\/areabadalona.com\/diario\/wp-json\/wp\/v2\/posts"}],"about":[{"href":"https:\/\/areabadalona.com\/diario\/wp-json\/wp\/v2\/types\/post"}],"author":[{"embeddable":true,"href":"https:\/\/areabadalona.com\/diario\/wp-json\/wp\/v2\/users\/2"}],"replies":[{"embeddable":true,"href":"https:\/\/areabadalona.com\/diario\/wp-json\/wp\/v2\/comments?post=5376"}],"version-history":[{"count":1,"href":"https:\/\/areabadalona.com\/diario\/wp-json\/wp\/v2\/posts\/5376\/revisions"}],"predecessor-version":[{"id":5378,"href":"https:\/\/areabadalona.com\/diario\/wp-json\/wp\/v2\/posts\/5376\/revisions\/5378"}],"wp:featuredmedia":[{"embeddable":true,"href":"https:\/\/areabadalona.com\/diario\/wp-json\/wp\/v2\/media\/5377"}],"wp:attachment":[{"href":"https:\/\/areabadalona.com\/diario\/wp-json\/wp\/v2\/media?parent=5376"}],"wp:term":[{"taxonomy":"category","embeddable":true,"href":"https:\/\/areabadalona.com\/diario\/wp-json\/wp\/v2\/categories?post=5376"},{"taxonomy":"post_tag","embeddable":true,"href":"https:\/\/areabadalona.com\/diario\/wp-json\/wp\/v2\/tags?post=5376"}],"curies":[{"name":"wp","href":"https:\/\/api.w.org\/{rel}","templated":true}]}}