{"id":5373,"date":"2023-06-02T11:01:58","date_gmt":"2023-06-02T11:01:58","guid":{"rendered":"https:\/\/areabadalona.com\/diario\/?p=5373"},"modified":"2023-06-02T11:01:59","modified_gmt":"2023-06-02T11:01:59","slug":"prop-de-300-curtmetratges-de-40-paisos-participen-en-el-xvii-premi-serra-circular-de-crytshow-festival","status":"publish","type":"post","link":"https:\/\/areabadalona.com\/diario\/2023\/06\/02\/prop-de-300-curtmetratges-de-40-paisos-participen-en-el-xvii-premi-serra-circular-de-crytshow-festival\/","title":{"rendered":"Prop de 300 curtmetratges de 40 pa\u00efsos participen en el XVII Premi Serra Circular de Crytshow Festival"},"content":{"rendered":"\n<p><strong>Cryptshow Festival<\/strong> ha rebut 283 inscripcions de curtmetratges per participar en el XVII Premi Serra Circular, una cinquantena menys que l&#8217;any passat. D&#8217;aquests, 36 formaran part de la <strong>Secci\u00f3 Oficial a Competici\u00f3<\/strong>, m\u00e9s de 6 hores de curts que es podran veure presencialment els dies 7 i 8 de juliol al <strong>Teatre El C\u00edrcol de Badalona<\/strong>.<br><br>Es tracta de produccions de petit format on trobem obres seleccionades arreu del m\u00f3n. En destaca <em>Incubus<\/em> del brit\u00e0nic Tito Fernandes, seleccionada a desenes de festivals internacionals; o la francesa <em>Mantra<\/em>, dirigida per Stef Meyer i Pascal Bourelier, premiada l&#8217;After Dark de Toronto i present a prop d&#8217;una cinquantena de festivals.<\/p>\n\n\n\n<p>D&#8217;entre les obres que es projectaran al Cryptshow Festival, tamb\u00e9 destaca <em>La Machine d&#8217;Alex<\/em>, del franc\u00e8s Mael Le M\u00e9e, que va rebre el Melies d&#8217;Argent al <strong>Sitges-Festival Internacional de Cinema Fant\u00e0stic de Catalunya<\/strong>; la noruega <em>Tistlebu<\/em> de Simon Matthew Valentine, curtmetratge guanyador del Melies d&#8217;Argent al festival suec <strong>Lund Fantastic Film Festival<\/strong>; o la multipremiada <em>Virgil <\/em>del nord-americ\u00e0 Christopher Stevens, guanyadora de diversos premis arreu del m\u00f3n, entre ells el de millor curt al <strong>Cannes Short Film.<\/strong><\/p>\n\n\n\n<p>Aquesta edici\u00f3 \u00e9s potser la m\u00e9s internacional. S&#8217;hi han inscrit curtmetratges de 40 pa\u00efsos d&#8217;arreu del m\u00f3n, principalment de l&#8217;estat espanyol, Estats Units, Fran\u00e7a i el Canad\u00e0 tot i que tamb\u00e9 hi ha produccions del Jap\u00f3, l&#8217;Iran, Korea o Israel.<\/p>\n","protected":false},"excerpt":{"rendered":"<p>Cryptshow Festival ha rebut 283 inscripcions de curtmetratges per participar en el XVII Premi Serra Circular, una cinquantena menys que l&#8217;any passat. D&#8217;aquests, 36 formaran part de la Secci\u00f3 Oficial a Competici\u00f3, m\u00e9s de 6 hores de curts que es podran veure presencialment els dies 7 i 8 de juliol al Teatre El C\u00edrcol de [&hellip;]<\/p>\n","protected":false},"author":2,"featured_media":5374,"comment_status":"open","ping_status":"open","sticky":false,"template":"","format":"standard","meta":{"footnotes":""},"categories":[23,25],"tags":[],"class_list":{"0":"post-5373","1":"post","2":"type-post","3":"status-publish","4":"format-standard","5":"has-post-thumbnail","7":"category-actualitat","8":"category-cultura"},"_links":{"self":[{"href":"https:\/\/areabadalona.com\/diario\/wp-json\/wp\/v2\/posts\/5373","targetHints":{"allow":["GET"]}}],"collection":[{"href":"https:\/\/areabadalona.com\/diario\/wp-json\/wp\/v2\/posts"}],"about":[{"href":"https:\/\/areabadalona.com\/diario\/wp-json\/wp\/v2\/types\/post"}],"author":[{"embeddable":true,"href":"https:\/\/areabadalona.com\/diario\/wp-json\/wp\/v2\/users\/2"}],"replies":[{"embeddable":true,"href":"https:\/\/areabadalona.com\/diario\/wp-json\/wp\/v2\/comments?post=5373"}],"version-history":[{"count":1,"href":"https:\/\/areabadalona.com\/diario\/wp-json\/wp\/v2\/posts\/5373\/revisions"}],"predecessor-version":[{"id":5375,"href":"https:\/\/areabadalona.com\/diario\/wp-json\/wp\/v2\/posts\/5373\/revisions\/5375"}],"wp:featuredmedia":[{"embeddable":true,"href":"https:\/\/areabadalona.com\/diario\/wp-json\/wp\/v2\/media\/5374"}],"wp:attachment":[{"href":"https:\/\/areabadalona.com\/diario\/wp-json\/wp\/v2\/media?parent=5373"}],"wp:term":[{"taxonomy":"category","embeddable":true,"href":"https:\/\/areabadalona.com\/diario\/wp-json\/wp\/v2\/categories?post=5373"},{"taxonomy":"post_tag","embeddable":true,"href":"https:\/\/areabadalona.com\/diario\/wp-json\/wp\/v2\/tags?post=5373"}],"curies":[{"name":"wp","href":"https:\/\/api.w.org\/{rel}","templated":true}]}}