{"id":5369,"date":"2023-06-01T10:51:48","date_gmt":"2023-06-01T10:51:48","guid":{"rendered":"https:\/\/areabadalona.com\/diario\/?p=5369"},"modified":"2023-06-02T10:53:16","modified_gmt":"2023-06-02T10:53:16","slug":"la-campanya-a-badalona-som-bons-es-prorroga-fins-al-10-de-juny","status":"publish","type":"post","link":"https:\/\/areabadalona.com\/diario\/2023\/06\/01\/la-campanya-a-badalona-som-bons-es-prorroga-fins-al-10-de-juny\/","title":{"rendered":"La campanya \u201cA Badalona som Bons!\u201d es prorroga fins al 10 de juny\u00a0"},"content":{"rendered":"\n<p>L\u2019Ajuntament de Badalona i la Cambra de Comer\u00e7 de Barcelona al Barcelon\u00e8s Nord prorroguen fins al pr\u00f2xim 10 de juny la segona edici\u00f3 de la campanya \u201cA Badalona som Bons!\u201d. L\u2019\u00e8xit assolit durant les darreres tres setmanes ha perm\u00e8s que la iniciativa s\u2019ampli\u00ef deu dies m\u00e9s. Concretament, des de l\u2019inici de la campanya a principis del mes de maig s\u2019han descarregat m\u00e9s de 65.000 bons, els quals representen el 70% del total. Cada un d\u2019aquests bons ha possibilitat que els badalonins i badalonines s\u2019hagin estalviat 4 euros per cada 10 euros de compra en els prop de 180 establiments comercials adherits. &nbsp;<\/p>\n\n\n\n<p>Amb l\u2019ampliaci\u00f3 de la campanya, l\u2019adquisici\u00f3 i la desc\u00e0rrega de bons de descompte continuar\u00e0 disponible a trav\u00e9s de la plataforma <a>badalona.bonsconsum.cat<\/a> fins al dissabte 10 de juny, dia en qu\u00e8 tamb\u00e9 finalitzar\u00e0 el termini per a bescanviar els bons en els establiments de la ciutat. En aquest espai en l\u00ednia cada persona de m\u00e9s de 18 anys t\u00e9 l\u2019oportunitat de descarregar un m\u00e0xim de 10 bons promocionals, cadascun dels quals aplicar\u00e0 un 40% de descompte per cada 10 euros de compra en les adquisicions realitzades als comer\u00e7os locals vinculats a la campanya. Aix\u00ed doncs, per cada badalon\u00ed que faci una compra per un valor final de 100 euros, se li descomptaran 40 euros d\u2019aquest import, pagant-ne nom\u00e9s els 60 restants.&nbsp;<\/p>\n\n\n\n<p>A m\u00e9s, i com a novetat d\u2019aquesta edici\u00f3, els usuaris poden adquirir un bo extra social i solidari. L\u2019import recaptat amb aquest onz\u00e8 val es destinar\u00e0 als establiments d\u2019alimentaci\u00f3 que s\u2019adhereixin a l\u2019acci\u00f3 social del banc d\u2019aliments. En concret, es tindr\u00e0 la possibilitat d\u2019aportar volunt\u00e0riament 6 euros a la causa, mentre l\u2019Ajuntament atorgar\u00e0 els 4 euros restants. D\u2019aquesta manera, l\u2019Ajuntament i la Cambra de Comer\u00e7 preveuen obtenir m\u00e9s de 65.000 euros, els quals es destinaran \u00edntegrament a comer\u00e7os que s\u2019uneixin a l\u2019acci\u00f3 i contribueixin a l\u2019ajut dels ve\u00efns i ve\u00efnes de Badalona en situaci\u00f3 de vulnerabilitat.&nbsp;<\/p>\n","protected":false},"excerpt":{"rendered":"<p>L\u2019Ajuntament de Badalona i la Cambra de Comer\u00e7 de Barcelona al Barcelon\u00e8s Nord prorroguen fins al pr\u00f2xim 10 de juny la segona edici\u00f3 de la campanya \u201cA Badalona som Bons!\u201d. L\u2019\u00e8xit assolit durant les darreres tres setmanes ha perm\u00e8s que la iniciativa s\u2019ampli\u00ef deu dies m\u00e9s. Concretament, des de l\u2019inici de la campanya a principis [&hellip;]<\/p>\n","protected":false},"author":2,"featured_media":5370,"comment_status":"open","ping_status":"open","sticky":false,"template":"","format":"standard","meta":{"footnotes":""},"categories":[23],"tags":[],"class_list":{"0":"post-5369","1":"post","2":"type-post","3":"status-publish","4":"format-standard","5":"has-post-thumbnail","7":"category-actualitat"},"_links":{"self":[{"href":"https:\/\/areabadalona.com\/diario\/wp-json\/wp\/v2\/posts\/5369","targetHints":{"allow":["GET"]}}],"collection":[{"href":"https:\/\/areabadalona.com\/diario\/wp-json\/wp\/v2\/posts"}],"about":[{"href":"https:\/\/areabadalona.com\/diario\/wp-json\/wp\/v2\/types\/post"}],"author":[{"embeddable":true,"href":"https:\/\/areabadalona.com\/diario\/wp-json\/wp\/v2\/users\/2"}],"replies":[{"embeddable":true,"href":"https:\/\/areabadalona.com\/diario\/wp-json\/wp\/v2\/comments?post=5369"}],"version-history":[{"count":1,"href":"https:\/\/areabadalona.com\/diario\/wp-json\/wp\/v2\/posts\/5369\/revisions"}],"predecessor-version":[{"id":5371,"href":"https:\/\/areabadalona.com\/diario\/wp-json\/wp\/v2\/posts\/5369\/revisions\/5371"}],"wp:featuredmedia":[{"embeddable":true,"href":"https:\/\/areabadalona.com\/diario\/wp-json\/wp\/v2\/media\/5370"}],"wp:attachment":[{"href":"https:\/\/areabadalona.com\/diario\/wp-json\/wp\/v2\/media?parent=5369"}],"wp:term":[{"taxonomy":"category","embeddable":true,"href":"https:\/\/areabadalona.com\/diario\/wp-json\/wp\/v2\/categories?post=5369"},{"taxonomy":"post_tag","embeddable":true,"href":"https:\/\/areabadalona.com\/diario\/wp-json\/wp\/v2\/tags?post=5369"}],"curies":[{"name":"wp","href":"https:\/\/api.w.org\/{rel}","templated":true}]}}