{"id":5359,"date":"2023-05-31T09:29:22","date_gmt":"2023-05-31T09:29:22","guid":{"rendered":"https:\/\/areabadalona.com\/diario\/?p=5359"},"modified":"2023-05-31T09:29:23","modified_gmt":"2023-05-31T09:29:23","slug":"el-quart-recompte-de-persones-sense-llar-a-badalona-localitza-90-persones-dormint-al-carrer","status":"publish","type":"post","link":"https:\/\/areabadalona.com\/diario\/2023\/05\/31\/el-quart-recompte-de-persones-sense-llar-a-badalona-localitza-90-persones-dormint-al-carrer\/","title":{"rendered":"El quart Recompte de persones sense llar a Badalona localitza 90 persones dormint al carrer\u00a0"},"content":{"rendered":"\n<p><strong>El quart Recompte de persones sense llar a Badalona ha comptat 90 persones dormint a la via p\u00fablica la nit del 30 al 31 de maig de 2023 (58 homes, 6 dones i 26 que no s\u2019han pogut identificar). Aquesta xifra \u00e9s la m\u00e9s elevada dels quatre recomptes que s\u2019han fet a la ciutat des de 2016 i representa gaireb\u00e9 doblar la dada de 2021, que va ser de 48 persones dormint al carrer a la ciutat de Badalona.<\/strong><\/p>\n\n\n\n<p>A la xifra de les 90 persones dormint al carrer s\u2019han de sumar les 135 persones, 111 homes i 24 dones, allotjades en centres de pernocta, serveis i pisos d\u2019entitats i pensions a Badalona. Aix\u00ed mateix, cal tenir en compte que hi ha 237 persones que viuen a assentaments a la ciutat (216 homes i 21 dones).<\/p>\n\n\n\n<p>En el primer Recompte de 2016 es van trobar 39 persones que dormien el carrer; l\u2019any 2018 es van localitzar 57 persones dormint al ras i es vam comptar 172 en recursos de serveis socials i entitats; i el 2021, en el tercer recompte, la xifra de persones dormint al carrer va ser de 48 i 299 en recursos d\u2019entitats i assentaments.<\/p>\n\n\n\n<p>Des de la mitjanit fins a les 2 de la matinada els m\u00e9s de 170 voluntaris i volunt\u00e0ries s\u2019han dividit en 17 grups que han caminat per tots els carrers i espais de la ciutat de Badalona. Aquest any tamb\u00e9 s\u2019ha recuperat la trobada presencial del voluntariat pr\u00e8via al recompte a la masia de Can Ban\u00fas on s\u2019han pogut donar les \u00faltimes indicacions abans de comen\u00e7ar. Enguany la Federaci\u00f3 d\u2019Associacions de Ve\u00efns de Badalona (FAVB) tamb\u00e9 ha format part i ha participat en el recompte.<\/p>\n\n\n\n<p>Amb aquest recompte quantitatiu s\u2019obt\u00e9 la fotografia del nombre de persones sense llar en una nit determinada per, d\u2019una banda, fer visible i sensibilitzar la ciutadania sobre aquesta problem\u00e0tica i, d\u2019altra, incidir el disseny d\u2019unes pol\u00edtiques d\u2019actuaci\u00f3 i atenci\u00f3 m\u00e9s acurades a la realitat de la ciutat.<\/p>\n\n\n\n<p><strong>Valoraci\u00f3 del resultat del Recompte 2023<\/strong><\/p>\n\n\n\n<p>La xifra de 90 persones mostra un creixement molt notable de les persones que dormen al ras a la ciutat de Badalona. La dada d\u2019enguany, juntament amb el nombre de persones que viuen en recursos de les entitats i l\u2019Ajuntament, assenyala un aven\u00e7 preocupant del sensellarisme a la ciutat que des de la Taula ens referma en el comprom\u00eds&nbsp; i en la necessitat de buscar solucions a la crisi de l\u2019habitatge i l\u2019increment de l\u2019exclusi\u00f3 social.<\/p>\n\n\n\n<p>Durant els \u00faltims anys s\u2019han ampliat els serveis a la ciutat: s\u2019ha posat en marxa el centre de pernocta Can Bof\u00ed Vell (any 2020) i ha augmentat el nombre de places a pisos d\u2019entitats per atendre aquestes persones (de 36 el 2021 a 50 el 2023).<\/p>\n\n\n\n<p>Despr\u00e9s de quatre recomptes a la ciutat, aquesta acci\u00f3 es consolida com una eina de sensibilitzaci\u00f3 de la ciutadania, visibilitzaci\u00f3 de la realitat social de les persones que dormen al carrer i tamb\u00e9 un instrument per explicar la tasca que realitza la Taula Sense Llar de Badalona.<\/p>\n\n\n\n<p><strong>Un pas m\u00e9s: dades qualitatives<\/strong><\/p>\n\n\n\n<p>L\u2019any 2025 es tornar\u00e0 a fer un nou recompte quantitatiu a Badalona per\u00f2 \u00e9s necessari tamb\u00e9 complementar-ho amb informaci\u00f3 qualitativa a trav\u00e9s d\u2019alguna enquesta\/q\u00fcestionari\/entrevista a les persones sense llar de la ciutat. Aquest \u00e9s un altre dels objectius de la Taula: l\u2019elaboraci\u00f3 d\u2019un cens qualitatiu de les persones que dormen al carrer a Badalona.<\/p>\n\n\n\n<p>Els condicionants personals que aboquen a l\u2019exclusi\u00f3 extrema que evidencia el sensellarisme poden ser la manca de feina, la pobresa econ\u00f2mica, la falta d\u2019habitatge, la p\u00e8rdua de les relacions familiars i socials, condicionants de salut, de salut mental, d\u2019addicions, el mateix estigma i discriminaci\u00f3 socials afegits&#8230; Tenir aquesta informaci\u00f3 qualitativa pot ajudar a entendre i enfocar millor la lluita contra el sensellarisme.<\/p>\n\n\n\n<p><strong>La Taula Sense Llar de Badalona<\/strong><\/p>\n\n\n\n<p>La Taula Sense Llar de Badalona est\u00e0 integrada des de l\u2019any 2017 per la Fundaci\u00f3 Llegat Roca i Pi, C\u00e0ritas Diocesana de Barcelona, la Fundaci\u00f3 Acollida i Esperan\u00e7a, Creu Roja del Barcelon\u00e8s Nord, la Fundaci\u00f3 Mambr\u00e9, Sant Joan de D\u00e9u Serveis Socials i, des d\u2019aquest any, Asaupam, aix\u00ed com l\u2019Ajuntament de Badalona.<\/p>\n","protected":false},"excerpt":{"rendered":"<p>El quart Recompte de persones sense llar a Badalona ha comptat 90 persones dormint a la via p\u00fablica la nit del 30 al 31 de maig de 2023 (58 homes, 6 dones i 26 que no s\u2019han pogut identificar). Aquesta xifra \u00e9s la m\u00e9s elevada dels quatre recomptes que s\u2019han fet a la ciutat des [&hellip;]<\/p>\n","protected":false},"author":1,"featured_media":5360,"comment_status":"open","ping_status":"open","sticky":false,"template":"","format":"standard","meta":{"footnotes":""},"categories":[23,24],"tags":[],"class_list":{"0":"post-5359","1":"post","2":"type-post","3":"status-publish","4":"format-standard","5":"has-post-thumbnail","7":"category-actualitat","8":"category-societat"},"_links":{"self":[{"href":"https:\/\/areabadalona.com\/diario\/wp-json\/wp\/v2\/posts\/5359","targetHints":{"allow":["GET"]}}],"collection":[{"href":"https:\/\/areabadalona.com\/diario\/wp-json\/wp\/v2\/posts"}],"about":[{"href":"https:\/\/areabadalona.com\/diario\/wp-json\/wp\/v2\/types\/post"}],"author":[{"embeddable":true,"href":"https:\/\/areabadalona.com\/diario\/wp-json\/wp\/v2\/users\/1"}],"replies":[{"embeddable":true,"href":"https:\/\/areabadalona.com\/diario\/wp-json\/wp\/v2\/comments?post=5359"}],"version-history":[{"count":1,"href":"https:\/\/areabadalona.com\/diario\/wp-json\/wp\/v2\/posts\/5359\/revisions"}],"predecessor-version":[{"id":5361,"href":"https:\/\/areabadalona.com\/diario\/wp-json\/wp\/v2\/posts\/5359\/revisions\/5361"}],"wp:featuredmedia":[{"embeddable":true,"href":"https:\/\/areabadalona.com\/diario\/wp-json\/wp\/v2\/media\/5360"}],"wp:attachment":[{"href":"https:\/\/areabadalona.com\/diario\/wp-json\/wp\/v2\/media?parent=5359"}],"wp:term":[{"taxonomy":"category","embeddable":true,"href":"https:\/\/areabadalona.com\/diario\/wp-json\/wp\/v2\/categories?post=5359"},{"taxonomy":"post_tag","embeddable":true,"href":"https:\/\/areabadalona.com\/diario\/wp-json\/wp\/v2\/tags?post=5359"}],"curies":[{"name":"wp","href":"https:\/\/api.w.org\/{rel}","templated":true}]}}