{"id":5356,"date":"2023-05-27T11:06:38","date_gmt":"2023-05-27T11:06:38","guid":{"rendered":"https:\/\/areabadalona.com\/diario\/?p=5356"},"modified":"2023-05-30T11:12:37","modified_gmt":"2023-05-30T11:12:37","slug":"ha-mort-marius-diaz-bielsa-alcalde-de-badalona-entre-el-1979-i-el-1983","status":"publish","type":"post","link":"https:\/\/areabadalona.com\/diario\/2023\/05\/27\/ha-mort-marius-diaz-bielsa-alcalde-de-badalona-entre-el-1979-i-el-1983\/","title":{"rendered":"Ha mort M\u00e0rius D\u00edaz Bielsa, alcalde de Badalona entre el 1979 i el 1983\u00a0"},"content":{"rendered":"\n<p>L\u2019Ajuntament de Badalona ha decretat avui dos dies de dol oficial per la mort de M\u00e0rius D\u00edaz Bielsa. Les banderes de Badalona onegen a mig pal a la Casa de la Vila i als edificis municipals de la ciutat per qui fou alcalde de Badalona entre el 1979 i el 1983 i regidor fins a l\u2019any 1999. D\u00edaz va rebre el 28 de febrer de 2020 el reconeixement de fill adoptiu de la ciutat.<\/p>\n\n\n\n<p>Procedent de Barbastro, M\u00e0rius D\u00edaz, es va traslladar a Barcelona per iniciar els estudis de n\u00e0utica Durant aquest temps es va allotjar amb una fam\u00edlia amiga de Badalona que tenia un taller metal\u00b7l\u00fargic, en qu\u00e8 treballava espor\u00e0dicament per pagar-se la carrera i va iniciar la milit\u00e0ncia pol\u00edtica i social contra el franquisme. En aquell taller durant els anys seixanta, tamb\u00e9 s&#8217;imprimien clandestinament pasquins pol\u00edtics del PSUC.<\/p>\n\n\n\n<p>Posteriorment va ser director d&#8217;una empresa de construcci\u00f3 naval al Baix Llobregat. El 1979 el PSUC li va proposar liderar la llista a les primeres eleccions democr\u00e0tiques, que va ser la m\u00e9s votada aquell 1 d&#8217;abril. Durant el seu mandat va prioritzar temes de salut p\u00fablica com el sanejament de les platges, la reducci\u00f3 de la contaminaci\u00f3 atmosf\u00e8rica i va racionalitzar el planejament urban\u00edstic.<\/p>\n\n\n\n<p><strong>Fill adoptiu de Badalona<\/strong><\/p>\n\n\n\n<p>M\u00e0rius D\u00edaz i Bielsa, nascut l\u2019any 1933 a Barbastre i on ha mort avui a l\u2019hospital d\u2019aquesta localitat, va rebre el 28 de febrer del 2020 el reconeixement com a fill adoptiu de la ciutat. Aquesta distinci\u00f3, en forma de diploma acreditatiu, aix\u00ed com la ins\u00edgnia de plata de la corporaci\u00f3, la va rebre en un sal\u00f3 de plens on, a m\u00e9s dels actuals regidors i regidores, van ser presents els familiars, els regidors i les regidores electes l\u2019any 1979 aix\u00ed com alcaldes i alcaldesses de la ciutat des de la recuperaci\u00f3 de la democr\u00e0cia.<\/p>\n\n\n\n<p>El nomenament d\u2019en M\u00e0rius D\u00edaz com a fill adoptiu va ser aprovat pel Ple de l\u2019Ajuntament de Badalona en la sessi\u00f3 ordin\u00e0ria del 28 de gener de 2020.<\/p>\n\n\n\n<p>D\u00edaz va ser el primer alcalde de Badalona despr\u00e9s del restabliment de la democr\u00e0cia l\u2019any 1979, encap\u00e7alant la candidatura del PSUC (Partit Socialista Unificat de Catalunya). i fins a l\u2019any 1983, sent regidor del Consistori fins a l\u2019any 1999.<\/p>\n\n\n\n<p>Tal com va detallar el periodista Enric Juliana durant l\u2019acte de reconeixement de M\u00e0rius D\u00edaz l\u2019any 2020 com a fill adoptiu de la ciutat, durant aquells primers moments de la recuperaci\u00f3 dels ajuntaments democr\u00e0tics l\u2019alcalde M\u00e0rius D\u00edaz \u201cva donar prioritat a problemes com el sanejament de la platja; la reducci\u00f3 de la contaminaci\u00f3 atmosf\u00e8rica, el planejament urban\u00edstic racional, el desplegament dels serveis socials; la construcci\u00f3 d\u2019escoles p\u00fabliques; la posada en marxa i la connexi\u00f3 amb la ciutat de l\u2019hospital Germans Trias i Pujol; nous mercats, nous centres c\u00edvics, equipaments esportius, protecci\u00f3 del patrimoni hist\u00f2ric; consolidaci\u00f3 de les Festes de Maig i una pol\u00edtica de consens en favor de la normalitzaci\u00f3 de la llengua catalana&#8230;\u201den definitiva, es van afrontar els problemes de fons, sabent que els resultats no sempre serien immediats\u201d. Enric Juliana va concloure que l\u2019homenatge a en M\u00e0rius D\u00edaz ho era tamb\u00e9 \u201ca tota la gent que va fer possible el canvi democr\u00e0tic a la ciutat\u201d.<\/p>\n","protected":false},"excerpt":{"rendered":"<p>L\u2019Ajuntament de Badalona ha decretat avui dos dies de dol oficial per la mort de M\u00e0rius D\u00edaz Bielsa. Les banderes de Badalona onegen a mig pal a la Casa de la Vila i als edificis municipals de la ciutat per qui fou alcalde de Badalona entre el 1979 i el 1983 i regidor fins a [&hellip;]<\/p>\n","protected":false},"author":2,"featured_media":5357,"comment_status":"open","ping_status":"open","sticky":false,"template":"","format":"standard","meta":{"footnotes":""},"categories":[23],"tags":[],"class_list":{"0":"post-5356","1":"post","2":"type-post","3":"status-publish","4":"format-standard","5":"has-post-thumbnail","7":"category-actualitat"},"_links":{"self":[{"href":"https:\/\/areabadalona.com\/diario\/wp-json\/wp\/v2\/posts\/5356","targetHints":{"allow":["GET"]}}],"collection":[{"href":"https:\/\/areabadalona.com\/diario\/wp-json\/wp\/v2\/posts"}],"about":[{"href":"https:\/\/areabadalona.com\/diario\/wp-json\/wp\/v2\/types\/post"}],"author":[{"embeddable":true,"href":"https:\/\/areabadalona.com\/diario\/wp-json\/wp\/v2\/users\/2"}],"replies":[{"embeddable":true,"href":"https:\/\/areabadalona.com\/diario\/wp-json\/wp\/v2\/comments?post=5356"}],"version-history":[{"count":1,"href":"https:\/\/areabadalona.com\/diario\/wp-json\/wp\/v2\/posts\/5356\/revisions"}],"predecessor-version":[{"id":5358,"href":"https:\/\/areabadalona.com\/diario\/wp-json\/wp\/v2\/posts\/5356\/revisions\/5358"}],"wp:featuredmedia":[{"embeddable":true,"href":"https:\/\/areabadalona.com\/diario\/wp-json\/wp\/v2\/media\/5357"}],"wp:attachment":[{"href":"https:\/\/areabadalona.com\/diario\/wp-json\/wp\/v2\/media?parent=5356"}],"wp:term":[{"taxonomy":"category","embeddable":true,"href":"https:\/\/areabadalona.com\/diario\/wp-json\/wp\/v2\/categories?post=5356"},{"taxonomy":"post_tag","embeddable":true,"href":"https:\/\/areabadalona.com\/diario\/wp-json\/wp\/v2\/tags?post=5356"}],"curies":[{"name":"wp","href":"https:\/\/api.w.org\/{rel}","templated":true}]}}