{"id":5353,"date":"2023-05-30T09:54:10","date_gmt":"2023-05-30T09:54:10","guid":{"rendered":"https:\/\/areabadalona.com\/diario\/?p=5353"},"modified":"2023-05-30T09:54:11","modified_gmt":"2023-05-30T09:54:11","slug":"badalona-acull-per-primera-vegada-la-cantata-la-clika","status":"publish","type":"post","link":"https:\/\/areabadalona.com\/diario\/2023\/05\/30\/badalona-acull-per-primera-vegada-la-cantata-la-clika\/","title":{"rendered":"Badalona acull per primera vegada la cantata La Clika \u00a0"},"content":{"rendered":"\n<p>El <strong>Teatre Margarita Xirgu<\/strong> de Badalona, acollir\u00e0 el <strong>dijous 1 de juny, a les 12 i a les 16 hores<\/strong>, la cantata La Clika (que a m\u00e9s de ser un grup d\u2019amics i amigues inseparables d\u2019una escola imagin\u00e0ria) \u00e9s un projecte sociomusical impulsat per les Cases de la M\u00fasica que des de fa m\u00e9s de vint anys treballa en el sector musical, en els \u00e0mbits de la formaci\u00f3, creaci\u00f3, participaci\u00f3 i organitzaci\u00f3 de concerts.&nbsp;<\/p>\n\n\n\n<p>Aquesta iniciativa consisteix en l\u2019aprenentatge de diverses can\u00e7ons que parlen de l\u2019amistat, dels sentiments, dels somnis, del respecte al medi ambient, de la col\u00b7laboraci\u00f3&#8230;amb la voluntat de ser un eina per treballar la m\u00fasica en viu a les escoles i potenciar els valors universals.&nbsp;<\/p>\n\n\n\n<p>A Badalona hi participaran tres-cents vint-i-cinc alumnes de 1r, 2n i 3r de prim\u00e0ria de set escoles que interpretaran, en directe, les can\u00e7ons d\u2019aquesta cantata creada per les Cases de la M\u00fasica, amb l\u2019acompanyament de sis m\u00fasics.&nbsp;<\/p>\n\n\n\n<p>Les escoles que hi participen son aquestes: &nbsp;<\/p>\n\n\n\n<p>&#8211; Bufal\u00e0, Lestonnac i Ocata, a les 12 hores.&nbsp;<\/p>\n\n\n\n<p>&#8211; Les Ci\u00e8ncies, Margarida Xirgu, Minguella i Salvador Espriu, a les 16 hores.&nbsp;<\/p>\n\n\n\n<p>Des de les Cases de la M\u00fasica s\u2019ofereixen als mestres de cada escola recursos pedag\u00f2gics que estructuren l\u2019aprenentatge de les can\u00e7ons (composades per membres dels grups Xiula, Gertrudis o Xerramequ.) i les coreografies que ajuden a interioritzar l\u2019univers que La Clika representa. &nbsp;<\/p>\n\n\n\n<p>Aquesta \u00e9s la cinquena edici\u00f3 de la cantata La Clika en la que hi participen m\u00e9s de 17.000 infants de 420 escoles de Catalunya, Andorra, Illes Balears i Catalunya Nord.&nbsp;<\/p>\n\n\n\n<p>La cantata La Clika est\u00e0 organitzada per les Cases de la M\u00fasica amb el suport del Servei d&#8217;Educaci\u00f3 de l&#8217;Ajuntament de Badalona i de Badalona Cultura.&nbsp;<\/p>\n","protected":false},"excerpt":{"rendered":"<p>El Teatre Margarita Xirgu de Badalona, acollir\u00e0 el dijous 1 de juny, a les 12 i a les 16 hores, la cantata La Clika (que a m\u00e9s de ser un grup d\u2019amics i amigues inseparables d\u2019una escola imagin\u00e0ria) \u00e9s un projecte sociomusical impulsat per les Cases de la M\u00fasica que des de fa m\u00e9s de [&hellip;]<\/p>\n","protected":false},"author":2,"featured_media":5354,"comment_status":"open","ping_status":"open","sticky":false,"template":"","format":"standard","meta":{"footnotes":""},"categories":[23,25],"tags":[],"class_list":{"0":"post-5353","1":"post","2":"type-post","3":"status-publish","4":"format-standard","5":"has-post-thumbnail","7":"category-actualitat","8":"category-cultura"},"_links":{"self":[{"href":"https:\/\/areabadalona.com\/diario\/wp-json\/wp\/v2\/posts\/5353","targetHints":{"allow":["GET"]}}],"collection":[{"href":"https:\/\/areabadalona.com\/diario\/wp-json\/wp\/v2\/posts"}],"about":[{"href":"https:\/\/areabadalona.com\/diario\/wp-json\/wp\/v2\/types\/post"}],"author":[{"embeddable":true,"href":"https:\/\/areabadalona.com\/diario\/wp-json\/wp\/v2\/users\/2"}],"replies":[{"embeddable":true,"href":"https:\/\/areabadalona.com\/diario\/wp-json\/wp\/v2\/comments?post=5353"}],"version-history":[{"count":1,"href":"https:\/\/areabadalona.com\/diario\/wp-json\/wp\/v2\/posts\/5353\/revisions"}],"predecessor-version":[{"id":5355,"href":"https:\/\/areabadalona.com\/diario\/wp-json\/wp\/v2\/posts\/5353\/revisions\/5355"}],"wp:featuredmedia":[{"embeddable":true,"href":"https:\/\/areabadalona.com\/diario\/wp-json\/wp\/v2\/media\/5354"}],"wp:attachment":[{"href":"https:\/\/areabadalona.com\/diario\/wp-json\/wp\/v2\/media?parent=5353"}],"wp:term":[{"taxonomy":"category","embeddable":true,"href":"https:\/\/areabadalona.com\/diario\/wp-json\/wp\/v2\/categories?post=5353"},{"taxonomy":"post_tag","embeddable":true,"href":"https:\/\/areabadalona.com\/diario\/wp-json\/wp\/v2\/tags?post=5353"}],"curies":[{"name":"wp","href":"https:\/\/api.w.org\/{rel}","templated":true}]}}