{"id":5346,"date":"2023-05-25T09:14:40","date_gmt":"2023-05-25T09:14:40","guid":{"rendered":"https:\/\/areabadalona.com\/diario\/?p=5346"},"modified":"2023-05-25T09:14:41","modified_gmt":"2023-05-25T09:14:41","slug":"la-festa-de-las-migas-i-la-festa-a-baix-a-mar-destaquen-en-la-recta-final-de-les-festes-de-maig-de-badalona","status":"publish","type":"post","link":"https:\/\/areabadalona.com\/diario\/2023\/05\/25\/la-festa-de-las-migas-i-la-festa-a-baix-a-mar-destaquen-en-la-recta-final-de-les-festes-de-maig-de-badalona\/","title":{"rendered":"La Festa de las Migas i la Festa a Baix a Mar destaquen en la recta final de les Festes de Maig de Badalona\u00a0"},"content":{"rendered":"\n<p>Recta final de les Festes de Maig de Badalona 2023. Aquest cap de setmana destaquen dues activitats que ja formen part de la tradici\u00f3 com s\u00f3n la <strong>Festa de las Migas<\/strong> i la <strong>Festa a Baix a Mar<\/strong>. A m\u00e9s, enguany cal afegir per aquestes dates la celebraci\u00f3 de la <strong>Happy Food Trucks<\/strong>, a la pla\u00e7a de Pompeu Fabra, i el <strong>M\u00e0gic Maig,<\/strong> al Centre Comercial M\u00e0gic de Badalona.&nbsp;<\/p>\n\n\n\n<p><strong>FESTA DE LAS MIGAS&nbsp;<\/strong><\/p>\n\n\n\n<p>Dissabte 27 de maig, a les 12 hores, a la pla\u00e7a de la Pipa (Sant Joan de Llefi\u00e0).&nbsp;<\/p>\n\n\n\n<p>Jornada l\u00fadica amb activitats diverses, en la qual hi haur\u00e0 un tast d\u2019aquest plat tradicional, a c\u00e0rrec de l\u2019Associaci\u00f3 de Ve\u00efns Sant Joan de Llefi\u00e0 Alt.&nbsp;<\/p>\n\n\n\n<p>Tamb\u00e9 a la pla\u00e7a de la Pipa a les 17 hores&nbsp;<\/p>\n\n\n\n<p><strong>Concert<\/strong> amb <strong>Piratas Rumbversions<\/strong>. Rumba sense etiquetes, sense deixar de rumbejar repertoris originals, can\u00e7ons de tota la vida i amb les rumbes d\u2019ahir i avui.&nbsp;<\/p>\n\n\n\n<p><strong>FESTA A BAIX A MAR&nbsp;<\/strong><\/p>\n\n\n\n<p>Dissabte 27 de maig. 20 hores. Platja dels Pescadors. A c\u00e0rrec de l\u2019Associaci\u00f3 de Ve\u00efns del Centre.&nbsp;<\/p>\n\n\n\n<p>Tradicional sardinada popular, amb pa amb tom\u00e0quet i sardines a la brasa.&nbsp;<\/p>\n\n\n\n<p>Despr\u00e9s hi actuar\u00e0 el grup <strong>Els Cremats<\/strong> i, per acabar, tastet de can\u00e7\u00f3 marinera amb els <strong>Canta Quetx<\/strong> i rom cremat per a tothom.&nbsp;<\/p>\n\n\n\n<p><strong>HAPPY FOOD TRUCKS&nbsp;<\/strong><\/p>\n\n\n\n<p>Del divendres 26 fins al diumenge 28 de maig a la pla\u00e7a de Pompeu Fabra.&nbsp;<\/p>\n\n\n\n<p>Festival itinerant basat en la m\u00fasica en directe i la gastronomia. Propostes gastron\u00f2miques de carrer i una programaci\u00f3 musical de qualitat.&nbsp;<\/p>\n\n\n\n<p>Consulteu la programaci\u00f3 completa a <a href=\"http:\/\/www.happyfoodtrucks.com\/\">happyfoodtrucks.com<\/a>&nbsp;<\/p>\n\n\n\n<p>&#8211; <strong>Divendres 26<\/strong>&nbsp;<\/p>\n\n\n\n<p>18 hores. Deejay Torres&nbsp;<\/p>\n\n\n\n<p>22.30 hores. De Mortimers (Karaoke Show)&nbsp;<\/p>\n\n\n\n<p>&#8211; <strong>Dissabte 27<\/strong>&nbsp;<\/p>\n\n\n\n<p>A partir de les 11.30 hores. Taller de Skate per a totes les edats&nbsp;<\/p>\n\n\n\n<p>12.30 hores. Exhibici\u00f3 Skate All&amp;Oli&nbsp;<\/p>\n\n\n\n<p>20 hores. El Ventilador (Electrorumba)&nbsp;<\/p>\n\n\n\n<p>22.30 hores. Vintage Hit Songs&nbsp;<\/p>\n\n\n\n<p>&#8211; <strong>Diumenge 28<\/strong>&nbsp;<\/p>\n\n\n\n<p>A partir de les 11.30 hores. Taller de Skate per a totes les edats&nbsp;<\/p>\n\n\n\n<p>12.30 hores. Exhibici\u00f3 Skate All&amp;Oli&nbsp;<\/p>\n\n\n\n<p>18 hores. Deejay Torres&nbsp;<\/p>\n\n\n\n<p>20.30 hores. Alma de Boquer\u00f3n (Rumba)&nbsp;<\/p>\n\n\n\n<p><strong>M\u00c0GIC MAIG&nbsp;<\/strong><\/p>\n\n\n\n<p>Dissabte 27 de maig.&nbsp;<\/p>\n\n\n\n<p>El Centre Comercial M\u00e0gic Badalona presenta una programaci\u00f3 per a tota la fam\u00edlia, amb tallers i cultura popular.&nbsp;<\/p>\n\n\n\n<p><strong>Tallers<\/strong>: 17.30 h, a la terrassa del Centre Comercial M\u00e0gic Badalona, tallers i pintacares per la mainada.&nbsp;<\/p>\n\n\n\n<p><strong>Cercavila<\/strong>. 18.30 hores. Des de la pla\u00e7a central i fins a la terrassa gaudeix d\u2019un tastet de cultura popular en format cercavila. &nbsp;<\/p>\n\n\n\n<p>Actuaci\u00f3 infantil. <strong>Atrapasomnis<\/strong>. 19.30 hores. Un espectacle din\u00e0mic i participatiu amb danses, jocs i can\u00e7ons a l\u2019escenari del M\u00e0gic Maig a la terrassa.&nbsp;<\/p>\n\n\n\n<p><strong>Espectacle de foc<\/strong>. 21 hores. La terrassa del M\u00e0gic viur\u00e0 un espectacle de foc a c\u00e0rrec del grup de Diables Kapaoltis i la seva percussi\u00f3!&nbsp;<\/p>\n\n\n\n<p><strong>PROGRAMACI\u00d3 TEATRES MUNICIPALS&nbsp;<\/strong><\/p>\n\n\n\n<p>Dissabte 27 de maig a les 20 hores al teatre Margarida Xirgu.&nbsp;<\/p>\n\n\n\n<p><strong><em>Hoy puede ser mi gran noche<\/em><\/strong>, de Noem\u00ed Rodr\u00edguez i Andrea Jim\u00e9nez&nbsp;<\/p>\n\n\n\n<p>Es tracta d\u2019una proposta de festa teatral, una pe\u00e7a c\u00f2mica i musical que explica la fascinant hist\u00f2ria d\u2019un cantant d\u2019orquestra a la Gal\u00edcia dels anys 90 i les seves filles, que aspiren a ser com el seu pare.&nbsp;<\/p>\n","protected":false},"excerpt":{"rendered":"<p>Recta final de les Festes de Maig de Badalona 2023. Aquest cap de setmana destaquen dues activitats que ja formen part de la tradici\u00f3 com s\u00f3n la Festa de las Migas i la Festa a Baix a Mar. A m\u00e9s, enguany cal afegir per aquestes dates la celebraci\u00f3 de la Happy Food Trucks, a la [&hellip;]<\/p>\n","protected":false},"author":2,"featured_media":5347,"comment_status":"open","ping_status":"open","sticky":false,"template":"","format":"standard","meta":{"footnotes":""},"categories":[23,25],"tags":[],"class_list":{"0":"post-5346","1":"post","2":"type-post","3":"status-publish","4":"format-standard","5":"has-post-thumbnail","7":"category-actualitat","8":"category-cultura"},"_links":{"self":[{"href":"https:\/\/areabadalona.com\/diario\/wp-json\/wp\/v2\/posts\/5346","targetHints":{"allow":["GET"]}}],"collection":[{"href":"https:\/\/areabadalona.com\/diario\/wp-json\/wp\/v2\/posts"}],"about":[{"href":"https:\/\/areabadalona.com\/diario\/wp-json\/wp\/v2\/types\/post"}],"author":[{"embeddable":true,"href":"https:\/\/areabadalona.com\/diario\/wp-json\/wp\/v2\/users\/2"}],"replies":[{"embeddable":true,"href":"https:\/\/areabadalona.com\/diario\/wp-json\/wp\/v2\/comments?post=5346"}],"version-history":[{"count":1,"href":"https:\/\/areabadalona.com\/diario\/wp-json\/wp\/v2\/posts\/5346\/revisions"}],"predecessor-version":[{"id":5348,"href":"https:\/\/areabadalona.com\/diario\/wp-json\/wp\/v2\/posts\/5346\/revisions\/5348"}],"wp:featuredmedia":[{"embeddable":true,"href":"https:\/\/areabadalona.com\/diario\/wp-json\/wp\/v2\/media\/5347"}],"wp:attachment":[{"href":"https:\/\/areabadalona.com\/diario\/wp-json\/wp\/v2\/media?parent=5346"}],"wp:term":[{"taxonomy":"category","embeddable":true,"href":"https:\/\/areabadalona.com\/diario\/wp-json\/wp\/v2\/categories?post=5346"},{"taxonomy":"post_tag","embeddable":true,"href":"https:\/\/areabadalona.com\/diario\/wp-json\/wp\/v2\/tags?post=5346"}],"curies":[{"name":"wp","href":"https:\/\/api.w.org\/{rel}","templated":true}]}}