{"id":5316,"date":"2023-05-16T15:04:04","date_gmt":"2023-05-16T15:04:04","guid":{"rendered":"https:\/\/areabadalona.com\/diario\/?p=5316"},"modified":"2023-05-16T15:04:05","modified_gmt":"2023-05-16T15:04:05","slug":"el-consell-dels-infants-presenta-un-mural-i-una-exposicio-de-cartells-sobre-badalona-com-la-veiem-i-com-la-volem","status":"publish","type":"post","link":"https:\/\/areabadalona.com\/diario\/2023\/05\/16\/el-consell-dels-infants-presenta-un-mural-i-una-exposicio-de-cartells-sobre-badalona-com-la-veiem-i-com-la-volem\/","title":{"rendered":"El Consell dels Infants presenta un mural i una exposici\u00f3 de cartells sobre \u201cBadalona, com la veiem i com la volem!\u201d\u00a0"},"content":{"rendered":"\n<p>Dissabte 20 de maig, de 10 a 12 hores, a la pla\u00e7a de les Brigades Internacionals, un grup de nenes i nens representants dels centres escolars i socioeducatius del Consell dels Infants de Badalona (CIB) acabaran de pintar el mural titulat \u201cBadalona, com la veiem!\u201d. Durant el mat\u00ed s&#8217;exposaran els cartells que s\u2019han fet sobre \u201cBadalona, com la veiem i com la volem!. Aquests mateixos cartells tamb\u00e9 s\u2019exposaran m\u00e9s endavant al Centre Comercial M\u00e0gic Badalona del 23 al 31 de maig.&nbsp;<\/p>\n\n\n\n<p>Coincidint amb la reforma de l\u2019espai urb\u00e0 de la pla\u00e7a de les Brigades Internacionals, al barri de Sant Mori de Llefi\u00e0, i de les eleccions municipals, els nens i les nenes de l&#8217;Institut escola Rafael Alberti, que forma part del Consell dels Infants de Badalona, iniciaran la pintura del mural \u201cBadalona, com la veiem i com la volem!\u201d el pr\u00f2xim divendres 19 de maig. Aquest mural sorgeix dels 75 cartells que han elaborat els 42 centres del CIB sobre la ciutat amb la col\u00b7laboraci\u00f3 de Natalia Rubio, educadora art\u00edstica i artterapeuta.&nbsp;<\/p>\n\n\n\n<p><strong>Les propostes dels infants sobre Badalona es faran arribar als nous regidors i regidores de l\u2019Ajuntament&nbsp;<\/strong><\/p>\n\n\n\n<p>Aquesta iniciativa tindr\u00e0 continuaci\u00f3 el 7 de juny, quan tindr\u00e0 lloc una nova sessi\u00f3 del Plenari del CIB, en la qual es presentar\u00e0 l&#8217;Informe amb les preguntes i les propostes de tots els infants i centres del CIB que preparen per a fer-les arribar a les formacions pol\u00edtiques que treguin representaci\u00f3 de regidors i regidores en les eleccions municipals del 28 de maig.&nbsp;<\/p>\n\n\n\n<p>La pintada del mural i l&#8217;exposici\u00f3 dels cartells sobre Badalona, com la veiem i com la volem!, est\u00e0 organitzada per les 42 escoles i centres socioeducatius que formen part del CIB; pels Serveis d\u2019Educaci\u00f3 i d&#8217;Espais P\u00fablics, i per l&#8217;OMD 4 de l\u2019Ajuntament de Badalona, amb la col\u00b7laboraci\u00f3 de Fem Barri-Plataforma Sant Antoni de Llefi\u00e0.&nbsp;<\/p>\n\n\n\n<p>L&#8217;acci\u00f3 art\u00edstica del mural del CIB Badalona, com la veiem i com la volem!, finalitza aquest projecte global que ha comptat amb tres accions m\u00e9s per a la millora de l&#8217;espai urb\u00e0 des d&#8217;una perspectiva participativa i de desenvolupament comunitari. Els murals s&#8217;han pintat a les 4 estructures piramidals que hi ha a la pla\u00e7a de les Brigades Internacionals i van acompanyades de diferents millores de l&#8217;equipament urb\u00e0 de la pla\u00e7a.&nbsp;<\/p>\n\n\n\n<p>Cal recordar que el passat 30 de gener, nenes i nens de diferents escoles van pintar un primer mural relacionat amb el Dia escolar per la No viol\u00e8ncia i la Pau (DENIP). El 27 de febrer es va pintar un segon mural vinculat al Dia Internacional de la Just\u00edcia Social i el 4 de mar\u00e7 es va pintar un mural vinculat al Dia Internacional de les Dones. Aix\u00ed, dissabte 20 de maig s\u2019acabar\u00e0 de pintar el quart i darrer mural per part del CIB.&nbsp;<\/p>\n\n\n\n<p>El projecte dels murals de la Pla\u00e7a Brigades Internacionals est\u00e0 impulsat per l&#8217;associaci\u00f3 Fem Barri-Plataforma Sant Antoni de Llefi\u00e0 i els Serveis d&#8217;Educaci\u00f3, d&#8217;Espais P\u00fablics, de Feminismes, de Gent Gran i l&#8217;OMD 4 de l&#8217;Ajuntament de Badalona.&nbsp;<\/p>\n","protected":false},"excerpt":{"rendered":"<p>Dissabte 20 de maig, de 10 a 12 hores, a la pla\u00e7a de les Brigades Internacionals, un grup de nenes i nens representants dels centres escolars i socioeducatius del Consell dels Infants de Badalona (CIB) acabaran de pintar el mural titulat \u201cBadalona, com la veiem!\u201d. Durant el mat\u00ed s&#8217;exposaran els cartells que s\u2019han fet sobre [&hellip;]<\/p>\n","protected":false},"author":1,"featured_media":5317,"comment_status":"open","ping_status":"open","sticky":false,"template":"","format":"standard","meta":{"footnotes":""},"categories":[23],"tags":[],"class_list":{"0":"post-5316","1":"post","2":"type-post","3":"status-publish","4":"format-standard","5":"has-post-thumbnail","7":"category-actualitat"},"_links":{"self":[{"href":"https:\/\/areabadalona.com\/diario\/wp-json\/wp\/v2\/posts\/5316","targetHints":{"allow":["GET"]}}],"collection":[{"href":"https:\/\/areabadalona.com\/diario\/wp-json\/wp\/v2\/posts"}],"about":[{"href":"https:\/\/areabadalona.com\/diario\/wp-json\/wp\/v2\/types\/post"}],"author":[{"embeddable":true,"href":"https:\/\/areabadalona.com\/diario\/wp-json\/wp\/v2\/users\/1"}],"replies":[{"embeddable":true,"href":"https:\/\/areabadalona.com\/diario\/wp-json\/wp\/v2\/comments?post=5316"}],"version-history":[{"count":1,"href":"https:\/\/areabadalona.com\/diario\/wp-json\/wp\/v2\/posts\/5316\/revisions"}],"predecessor-version":[{"id":5318,"href":"https:\/\/areabadalona.com\/diario\/wp-json\/wp\/v2\/posts\/5316\/revisions\/5318"}],"wp:featuredmedia":[{"embeddable":true,"href":"https:\/\/areabadalona.com\/diario\/wp-json\/wp\/v2\/media\/5317"}],"wp:attachment":[{"href":"https:\/\/areabadalona.com\/diario\/wp-json\/wp\/v2\/media?parent=5316"}],"wp:term":[{"taxonomy":"category","embeddable":true,"href":"https:\/\/areabadalona.com\/diario\/wp-json\/wp\/v2\/categories?post=5316"},{"taxonomy":"post_tag","embeddable":true,"href":"https:\/\/areabadalona.com\/diario\/wp-json\/wp\/v2\/tags?post=5316"}],"curies":[{"name":"wp","href":"https:\/\/api.w.org\/{rel}","templated":true}]}}