{"id":5313,"date":"2023-05-16T09:28:01","date_gmt":"2023-05-16T09:28:01","guid":{"rendered":"https:\/\/areabadalona.com\/diario\/?p=5313"},"modified":"2023-05-16T09:28:02","modified_gmt":"2023-05-16T09:28:02","slug":"ecologistes-en-accio-recorre-el-pdu-de-les-tres-xemeneies","status":"publish","type":"post","link":"https:\/\/areabadalona.com\/diario\/2023\/05\/16\/ecologistes-en-accio-recorre-el-pdu-de-les-tres-xemeneies\/","title":{"rendered":"Ecologistes en Acci\u00f3 recorre el PDU de les Tres Xemeneies"},"content":{"rendered":"\n<p><em>Ecologistes en Acci\u00f3<\/em>, amb el suport de les 44 entitats que formen l\u2019<em>Entesa per a un gran parc litoral al Bes\u00f2s<\/em>, ha presentat, davant el Tribunal Superior de Just\u00edcia de Catalunya, un recurs contenci\u00f3s administratiu en contra del Pla Director Urban\u00edstic de les Tres Xemeneies aprovat definitivament pel Departament de Territori de la Generalitat el passat 7 de mar\u00e7.<\/p>\n\n\n\n<p>Les entitats ecologistes i ve\u00efnals s\u2019oposen a la creaci\u00f3 d\u2019un <strong>macrobarri de gaireb\u00e9 1.800 habitatges<\/strong> en primera l\u00ednia de mar, en una <strong>zona inundable<\/strong> a la desembocadura del riu Bes\u00f2s i sense cap concreci\u00f3 d\u2019<strong>equipaments<\/strong> socials, sanitaris o educatius per als prop de 5.000 nous ve\u00efns que, si s\u2019executa el pla, s\u2019afegiran als 3.000 ve\u00efns actuals del barri contigu de la Mora, que tampoc disposen d\u2019equipaments.<\/p>\n\n\n\n<p>Denuncien tamb\u00e9 les entitats, que el planejament urban\u00edstic aprovat no respon a les necessitats socials del territori i va en sentit oposat a les recomanacions del Consell Assessor pel Desenvolupament Sostenible, a la situaci\u00f3 d&#8217;<strong>emerg\u00e8ncia clim\u00e0tica<\/strong> i als objectius del Conservatori del Litoral que alerten de la necessitat de <strong>desurbanitzar la costa<\/strong>.<\/p>\n\n\n\n<p><br>La construcci\u00f3 d\u2019habitatges en aquesta zona, malgrat alguns d\u2019ells siguin de protecci\u00f3 oficial, no respon a la necessitat de facilitar l\u2019acc\u00e9s a l\u2019habitatge, sin\u00f3 a la de generar plusv\u00e0lues que paguin la urbanitzaci\u00f3 i que proporcionin uns <strong>beneficis obscens<\/strong> als propietaris del s\u00f2l: Endesa, Santander i l\u2019AMB. Un projecte urban\u00edstic que vesteixen amb la promesa d\u2019un \u201cHub audiovisual\u201d i \u201cCatalunya Media City\u201d sense concreci\u00f3 ni pressupost assignat, que suposar\u00e0 una <strong>inacceptable intervenci\u00f3 en el conjunt patrimonial<\/strong> de la central t\u00e8rmica.<\/p>\n","protected":false},"excerpt":{"rendered":"<p>Ecologistes en Acci\u00f3, amb el suport de les 44 entitats que formen l\u2019Entesa per a un gran parc litoral al Bes\u00f2s, ha presentat, davant el Tribunal Superior de Just\u00edcia de Catalunya, un recurs contenci\u00f3s administratiu en contra del Pla Director Urban\u00edstic de les Tres Xemeneies aprovat definitivament pel Departament de Territori de la Generalitat el [&hellip;]<\/p>\n","protected":false},"author":2,"featured_media":1614,"comment_status":"open","ping_status":"open","sticky":false,"template":"","format":"standard","meta":{"footnotes":""},"categories":[23,24],"tags":[],"class_list":{"0":"post-5313","1":"post","2":"type-post","3":"status-publish","4":"format-standard","5":"has-post-thumbnail","7":"category-actualitat","8":"category-societat"},"_links":{"self":[{"href":"https:\/\/areabadalona.com\/diario\/wp-json\/wp\/v2\/posts\/5313","targetHints":{"allow":["GET"]}}],"collection":[{"href":"https:\/\/areabadalona.com\/diario\/wp-json\/wp\/v2\/posts"}],"about":[{"href":"https:\/\/areabadalona.com\/diario\/wp-json\/wp\/v2\/types\/post"}],"author":[{"embeddable":true,"href":"https:\/\/areabadalona.com\/diario\/wp-json\/wp\/v2\/users\/2"}],"replies":[{"embeddable":true,"href":"https:\/\/areabadalona.com\/diario\/wp-json\/wp\/v2\/comments?post=5313"}],"version-history":[{"count":2,"href":"https:\/\/areabadalona.com\/diario\/wp-json\/wp\/v2\/posts\/5313\/revisions"}],"predecessor-version":[{"id":5315,"href":"https:\/\/areabadalona.com\/diario\/wp-json\/wp\/v2\/posts\/5313\/revisions\/5315"}],"wp:featuredmedia":[{"embeddable":true,"href":"https:\/\/areabadalona.com\/diario\/wp-json\/wp\/v2\/media\/1614"}],"wp:attachment":[{"href":"https:\/\/areabadalona.com\/diario\/wp-json\/wp\/v2\/media?parent=5313"}],"wp:term":[{"taxonomy":"category","embeddable":true,"href":"https:\/\/areabadalona.com\/diario\/wp-json\/wp\/v2\/categories?post=5313"},{"taxonomy":"post_tag","embeddable":true,"href":"https:\/\/areabadalona.com\/diario\/wp-json\/wp\/v2\/tags?post=5313"}],"curies":[{"name":"wp","href":"https:\/\/api.w.org\/{rel}","templated":true}]}}