{"id":5309,"date":"2023-05-16T09:24:28","date_gmt":"2023-05-16T09:24:28","guid":{"rendered":"https:\/\/areabadalona.com\/diario\/?p=5309"},"modified":"2023-05-16T09:24:29","modified_gmt":"2023-05-16T09:24:29","slug":"el-centre-de-cultura-can-canyado-acull-aquest-dimarts-la-xix-jornada-dalumnes-de-badalona-sota-el-titol-encreuaments-cultura-imatge-i-genere","status":"publish","type":"post","link":"https:\/\/areabadalona.com\/diario\/2023\/05\/16\/el-centre-de-cultura-can-canyado-acull-aquest-dimarts-la-xix-jornada-dalumnes-de-badalona-sota-el-titol-encreuaments-cultura-imatge-i-genere\/","title":{"rendered":"El Centre de Cultura Can Canyad\u00f3 acull aquest dimarts la XIX Jornada d\u2019Alumnes de Badalona sota el t\u00edtol \u201cEncreuaments: Cultura, Imatge i G\u00e8nere\u2019\u2019\u00a0"},"content":{"rendered":"\n<p>Aquest dimarts 16 de maig, el Centre de Cultura Can Canyad\u00f3 acull la XIX Jornada d\u2019Alumnes de Badalona sota el t\u00edtol \u201cEncreuaments: Cultura, Imatge i G\u00e8nere\u2019\u2019. L\u2019activitat, que es dur\u00e0 a terme entre les 9 i les 14.30 hores, comptar\u00e0 amb la participaci\u00f3 dels centres educatius de secund\u00e0ria i els instituts escola de la ciutat i inclour\u00e0, entre altres propostes, una xerrada din\u00e0mica a trav\u00e9s del rap i una gimcana. &nbsp;<\/p>\n\n\n\n<p>Com en anys anteriors, la finalitat de la jornada \u00e9s crear un punt de trobada i de formaci\u00f3 per als i les joves dels diferents centres de Badalona amb la intenci\u00f3 d\u2019abordar tem\u00e0tiques actuals i vivencials per tal d\u2019apropar-se a la realitat de totes les persones que hi participen. L\u2019alumnat destinatari s\u00f3n principalment joves de segon cicle de secund\u00e0ria i primer de batxillerat, majorit\u00e0riament delegats\/des i sotsdelegats\/des, que hi assisteixen com a representants de l\u2019aula i portaveus de la resta de les seves classes.&nbsp;<\/p>\n\n\n\n<p>Enguany, l\u2019objectiu \u00e9s obrir una reflexi\u00f3 sobre la interseccionalitat, concepte&nbsp;que sost\u00e9 que les experi\u00e8ncies de desigualtat, discriminaci\u00f3, o de privilegi que poden experimentar els i les joves, es configuren a partir de la interrelaci\u00f3 entre diferents aspectes socials, com el g\u00e8nere, l\u2019\u00e8tnia, la classe social, l\u2019orientaci\u00f3 sexual o l\u2019edat. Tenint en compte la complexitat d\u2019aquest concepte, la jornada es focalitzar\u00e0 concretament en els eixos de cultura, imatge i g\u00e8nere. &nbsp;<\/p>\n\n\n\n<p>Aquesta jornada \u00e9s una oportunitat perqu\u00e8 els i les joves puguin gaudir d\u2019un&nbsp;espai d\u2019intercanvi i trobar punts en com\u00fa entre les diferents realitats de cada&nbsp;alumne\/a i cada barri. Aix\u00ed, es vol reflexionar sobre com interactuen els eixos&nbsp;esmentats en el seu dia a dia i de les possibles desigualtats que poden estar&nbsp;presents als instituts de Badalona.&nbsp;<\/p>\n","protected":false},"excerpt":{"rendered":"<p>Aquest dimarts 16 de maig, el Centre de Cultura Can Canyad\u00f3 acull la XIX Jornada d\u2019Alumnes de Badalona sota el t\u00edtol \u201cEncreuaments: Cultura, Imatge i G\u00e8nere\u2019\u2019. L\u2019activitat, que es dur\u00e0 a terme entre les 9 i les 14.30 hores, comptar\u00e0 amb la participaci\u00f3 dels centres educatius de secund\u00e0ria i els instituts escola de la ciutat [&hellip;]<\/p>\n","protected":false},"author":2,"featured_media":5310,"comment_status":"open","ping_status":"open","sticky":false,"template":"","format":"standard","meta":{"footnotes":""},"categories":[23],"tags":[],"class_list":{"0":"post-5309","1":"post","2":"type-post","3":"status-publish","4":"format-standard","5":"has-post-thumbnail","7":"category-actualitat"},"_links":{"self":[{"href":"https:\/\/areabadalona.com\/diario\/wp-json\/wp\/v2\/posts\/5309","targetHints":{"allow":["GET"]}}],"collection":[{"href":"https:\/\/areabadalona.com\/diario\/wp-json\/wp\/v2\/posts"}],"about":[{"href":"https:\/\/areabadalona.com\/diario\/wp-json\/wp\/v2\/types\/post"}],"author":[{"embeddable":true,"href":"https:\/\/areabadalona.com\/diario\/wp-json\/wp\/v2\/users\/2"}],"replies":[{"embeddable":true,"href":"https:\/\/areabadalona.com\/diario\/wp-json\/wp\/v2\/comments?post=5309"}],"version-history":[{"count":1,"href":"https:\/\/areabadalona.com\/diario\/wp-json\/wp\/v2\/posts\/5309\/revisions"}],"predecessor-version":[{"id":5311,"href":"https:\/\/areabadalona.com\/diario\/wp-json\/wp\/v2\/posts\/5309\/revisions\/5311"}],"wp:featuredmedia":[{"embeddable":true,"href":"https:\/\/areabadalona.com\/diario\/wp-json\/wp\/v2\/media\/5310"}],"wp:attachment":[{"href":"https:\/\/areabadalona.com\/diario\/wp-json\/wp\/v2\/media?parent=5309"}],"wp:term":[{"taxonomy":"category","embeddable":true,"href":"https:\/\/areabadalona.com\/diario\/wp-json\/wp\/v2\/categories?post=5309"},{"taxonomy":"post_tag","embeddable":true,"href":"https:\/\/areabadalona.com\/diario\/wp-json\/wp\/v2\/tags?post=5309"}],"curies":[{"name":"wp","href":"https:\/\/api.w.org\/{rel}","templated":true}]}}