{"id":5305,"date":"2023-05-16T09:21:32","date_gmt":"2023-05-16T09:21:32","guid":{"rendered":"https:\/\/areabadalona.com\/diario\/?p=5305"},"modified":"2023-05-16T09:21:32","modified_gmt":"2023-05-16T09:21:32","slug":"la-placa-de-trafalgar-acull-la-2a-fira-dels-ods-on-escoles-i-instituts-publics-presenten-els-seus-treballs-en-relacio-amb-els-objectius-de-desenvolupament-sostenible","status":"publish","type":"post","link":"https:\/\/areabadalona.com\/diario\/2023\/05\/16\/la-placa-de-trafalgar-acull-la-2a-fira-dels-ods-on-escoles-i-instituts-publics-presenten-els-seus-treballs-en-relacio-amb-els-objectius-de-desenvolupament-sostenible\/","title":{"rendered":"La pla\u00e7a de Trafalgar acull la 2a Fira dels ODS on escoles i instituts p\u00fablics presenten els seus treballs en relaci\u00f3 amb els Objectius de Desenvolupament Sostenible\u00a0"},"content":{"rendered":"\n<p>La pla\u00e7a de Trafalgar, al barri de Llefi\u00e0, acull aquest divendres. 19 de maig, <strong>la 2a Fira dels ODS (Escoles i Instituts comparteixen idees per canviar el m\u00f3n)<\/strong> Es tracta d\u2019un projecte coral on els centres educatius implicats mostraran la feina portada a terme en relaci\u00f3 amb els Objectius de Desenvolupament Sostenbile completada amb actuacions musicals protagonitzades per l\u2019alumnat dels centres.&nbsp;<\/p>\n\n\n\n<p>La 2a Fira dels ODS compta amb la participaci\u00f3 del Servei d\u2019Educaci\u00f3 de l\u2019Ajuntament; el Conservatori Professional de M\u00fasica de Badalona; l\u2019Escola de M\u00fasica Moderna de Badalona; els instituts Enric Borr\u00e0s, J\u00falia Minguell, Barres i Ones i Eugeni d\u2019Ors; els instituts-escoles del Tur\u00f3 d\u2019en Caritg i Rafael Alberti i les escoles Josep Boada, Baldiri Reixac, \u00cdtaca, Antoni Botey i Josep Carner. &nbsp;<\/p>\n\n\n\n<p>El 25 de setembre del 2015, l\u2019Assemblea General de les Nacions Unides va aprovar la resoluci\u00f3 \u201cAgenda 2030: transformar el nostre m\u00f3n\u201d i els seus 17 Objectius de Desenvolupament Sostenible (ODS). En aquest document els pa\u00efsos signants van fer una crida a l\u2019acci\u00f3 per poder fer front als reptes del desenvolupament sostenible. Catalunya tamb\u00e9 es va fer ress\u00f2 d\u2019aquesta crida amb l\u2019elaboraci\u00f3 i l\u2019aprovaci\u00f3 del <a href=\"https:\/\/cads.gencat.cat\/ca\/Agenda_2030\/pla-nacional\/\">Pla nacional per a la implementaci\u00f3 de l\u2019Agenda 2030<\/a>, que recull els compromisos del Govern amb l\u2019Agenda 2030,&nbsp;<\/p>\n\n\n\n<p><strong>A la 2a Fira dels ODS, <\/strong>que estar\u00e0 oberta des de les 9 fins a les 13.30 hores, els diferents centres educatius presenten els diferents projectes que l\u2019alumnat treballa en relaci\u00f3 amb els 17 Objectius de Desenvolupament Sostenible (ODS). Durant el curs, els estudiants reflexionen de manera cr\u00edtica sobre els grans problemes de sostenibilitat al m\u00f3n al voltant dels 17 objectius que tenen eixos com ara: erradicar la pobresa (ODS 1); garantir una educaci\u00f3 de qualitat per a tots (ODS 4); aconseguir la igualtat de g\u00e8nere (ODS 5); o garantir la sostenibilitat dels ecosistemes (ODS 15), entre altres. &nbsp;<\/p>\n\n\n\n<p>Els 17 ODS cobreixen la dimensi\u00f3 social, econ\u00f2mica i ambiental de la sostenibilitat i aborden cinc grans \u00e0mbits: planeta; persones; prosperitat; pau i aliances. Podeu trobar m\u00e9s informaci\u00f3 sobre els 17 Objectius de Desenvolupament Sostenibles (ODS) en aquest enlla\u00e7:&nbsp;<\/p>\n\n\n\n<p><a href=\"https:\/\/educacio.gencat.cat\/ca\/departament\/linies-estrategiques\/ods\/els-17-ods\/\">https:\/\/educacio.gencat.cat\/ca\/departament\/linies-estrategiques\/ods\/els-17-ods\/<\/a><\/p>\n","protected":false},"excerpt":{"rendered":"<p>La pla\u00e7a de Trafalgar, al barri de Llefi\u00e0, acull aquest divendres. 19 de maig, la 2a Fira dels ODS (Escoles i Instituts comparteixen idees per canviar el m\u00f3n) Es tracta d\u2019un projecte coral on els centres educatius implicats mostraran la feina portada a terme en relaci\u00f3 amb els Objectius de Desenvolupament Sostenbile completada amb actuacions [&hellip;]<\/p>\n","protected":false},"author":2,"featured_media":5306,"comment_status":"open","ping_status":"open","sticky":false,"template":"","format":"standard","meta":{"footnotes":""},"categories":[23],"tags":[],"class_list":{"0":"post-5305","1":"post","2":"type-post","3":"status-publish","4":"format-standard","5":"has-post-thumbnail","7":"category-actualitat"},"_links":{"self":[{"href":"https:\/\/areabadalona.com\/diario\/wp-json\/wp\/v2\/posts\/5305","targetHints":{"allow":["GET"]}}],"collection":[{"href":"https:\/\/areabadalona.com\/diario\/wp-json\/wp\/v2\/posts"}],"about":[{"href":"https:\/\/areabadalona.com\/diario\/wp-json\/wp\/v2\/types\/post"}],"author":[{"embeddable":true,"href":"https:\/\/areabadalona.com\/diario\/wp-json\/wp\/v2\/users\/2"}],"replies":[{"embeddable":true,"href":"https:\/\/areabadalona.com\/diario\/wp-json\/wp\/v2\/comments?post=5305"}],"version-history":[{"count":1,"href":"https:\/\/areabadalona.com\/diario\/wp-json\/wp\/v2\/posts\/5305\/revisions"}],"predecessor-version":[{"id":5307,"href":"https:\/\/areabadalona.com\/diario\/wp-json\/wp\/v2\/posts\/5305\/revisions\/5307"}],"wp:featuredmedia":[{"embeddable":true,"href":"https:\/\/areabadalona.com\/diario\/wp-json\/wp\/v2\/media\/5306"}],"wp:attachment":[{"href":"https:\/\/areabadalona.com\/diario\/wp-json\/wp\/v2\/media?parent=5305"}],"wp:term":[{"taxonomy":"category","embeddable":true,"href":"https:\/\/areabadalona.com\/diario\/wp-json\/wp\/v2\/categories?post=5305"},{"taxonomy":"post_tag","embeddable":true,"href":"https:\/\/areabadalona.com\/diario\/wp-json\/wp\/v2\/tags?post=5305"}],"curies":[{"name":"wp","href":"https:\/\/api.w.org\/{rel}","templated":true}]}}