{"id":5298,"date":"2023-05-12T09:35:55","date_gmt":"2023-05-12T09:35:55","guid":{"rendered":"https:\/\/areabadalona.com\/diario\/?p=5298"},"modified":"2023-05-15T09:38:31","modified_gmt":"2023-05-15T09:38:31","slug":"lalcalde-ruben-guijarro-destinara-mes-de-10-milions-deuros-permodernitzar-agilitzar-i-descentralitzar-lajuntament-de-badalona","status":"publish","type":"post","link":"https:\/\/areabadalona.com\/diario\/2023\/05\/12\/lalcalde-ruben-guijarro-destinara-mes-de-10-milions-deuros-permodernitzar-agilitzar-i-descentralitzar-lajuntament-de-badalona\/","title":{"rendered":"L\u2019alcalde Rub\u00e9n Guijarro destinar\u00e0 m\u00e9s de 10 milions d\u2019euros permodernitzar, agilitzar i descentralitzar l\u2019Ajuntament de Badalona"},"content":{"rendered":"\n<p>Aquest mati a la Pla\u00e7a de la Vila, l\u2019alcalde Rub\u00e9n Guijarro ha presentat les propostes del Partit dels Socialistes de Catalunya per modernitzar, agilitzar i descentralitzar l\u2019Administraci\u00f3 local per tal de donar un millor servei a la ciutadania, entitats i empreses de Badalona.<\/p>\n\n\n\n<p>L\u2019alcalde Guijarro ha presentat la proposta \u201c<strong>L\u2019Ajuntament de Badalona al palmell de la teva m\u00e0<\/strong>\u201d consistent en qu\u00e8 totes les persones f\u00edsiques i jur\u00eddiques es puguin relacionar si ho desitgen de manera <strong>exclusivament telem\u00e0tica, <\/strong>sempre que ho permeti la llei, mitjan\u00e7ant la web de l\u2019Ajuntament i una App amb tota la carta de serveis disponibles.<\/p>\n\n\n\n<p>Aquesta proposta anir\u00e0 acompanyada de m\u00e9s <strong>oferta de formaci\u00f3 per reduir l\u2019escletxa digital <\/strong>a la nostra ciutat.<\/p>\n\n\n\n<p>Pel que fa a les propostes de descentralitzaci\u00f3, l\u2019alcalde Guijarro ha proposat:<\/p>\n\n\n\n<p><em>\u201cVolem que les oficines de districte siguin veritables punts d\u2019atenci\u00f3 als ciutadans on es puguin realitzar totes les gestions que a data d\u2019avui es realitzen al Viver. Tamb\u00e9 creiem en <strong>unes oficines de districte professionalitzades i amb recursos propis<\/strong>. Amb Directors de districte i pressupost propi per tal ser m\u00e9s efica\u00e7os en resoldre els problemes del districte<\/em>\u201d.<\/p>\n\n\n\n<p>Per agilitzar al m\u00e0xim la nostra Administraci\u00f3 local \u00e9s imprescindible, d\u2019una banda, cobrir tots els llocs de treball vacants de l\u2019Ajuntament, \u00e9s per aix\u00f2 que <strong>augmentarem en 10 milions d\u2019euros anuals les partides del pressupost municipals de recursos humans.<\/strong><\/p>\n\n\n\n<p>D\u2019altra banda, al proper mandat <strong>completarem una estructura de treball Gerencial, amb personal Directiu a cada \u00e0mbit<\/strong>, que conjuntament amb la resta d\u2019incorporacions de personal t\u00e8cnic faran que l\u2019Ajuntament sigui una maquin\u00e0ria engreixada i \u00e0gil, que ens ha de permetre, per exemple:<\/p>\n\n\n\n<p>Reduir a un m\u00e0xim de 6 mesos la concessi\u00f3 de llic\u00e8ncies d\u2019obra major. Reduir a un m\u00e0xim de 2 mesos les llic\u00e8ncies d\u2019obres menors.<\/p>\n\n\n\n<p>Atorgar llic\u00e8ncies d\u2019activitats en un m\u00e0xim de 45 dies.<\/p>\n\n\n\n<p>Donar resposta en menys de 10 dies a les peticions d\u2019ocupaci\u00f3 de via p\u00fablica. Reduir a menys de 5 dies tots els serveis amb cita pr\u00e8via.<\/p>\n","protected":false},"excerpt":{"rendered":"<p>Aquest mati a la Pla\u00e7a de la Vila, l\u2019alcalde Rub\u00e9n Guijarro ha presentat les propostes del Partit dels Socialistes de Catalunya per modernitzar, agilitzar i descentralitzar l\u2019Administraci\u00f3 local per tal de donar un millor servei a la ciutadania, entitats i empreses de Badalona. L\u2019alcalde Guijarro ha presentat la proposta \u201cL\u2019Ajuntament de Badalona al palmell de [&hellip;]<\/p>\n","protected":false},"author":1,"featured_media":5299,"comment_status":"open","ping_status":"open","sticky":false,"template":"","format":"standard","meta":{"footnotes":""},"categories":[23],"tags":[],"class_list":{"0":"post-5298","1":"post","2":"type-post","3":"status-publish","4":"format-standard","5":"has-post-thumbnail","7":"category-actualitat"},"_links":{"self":[{"href":"https:\/\/areabadalona.com\/diario\/wp-json\/wp\/v2\/posts\/5298","targetHints":{"allow":["GET"]}}],"collection":[{"href":"https:\/\/areabadalona.com\/diario\/wp-json\/wp\/v2\/posts"}],"about":[{"href":"https:\/\/areabadalona.com\/diario\/wp-json\/wp\/v2\/types\/post"}],"author":[{"embeddable":true,"href":"https:\/\/areabadalona.com\/diario\/wp-json\/wp\/v2\/users\/1"}],"replies":[{"embeddable":true,"href":"https:\/\/areabadalona.com\/diario\/wp-json\/wp\/v2\/comments?post=5298"}],"version-history":[{"count":1,"href":"https:\/\/areabadalona.com\/diario\/wp-json\/wp\/v2\/posts\/5298\/revisions"}],"predecessor-version":[{"id":5300,"href":"https:\/\/areabadalona.com\/diario\/wp-json\/wp\/v2\/posts\/5298\/revisions\/5300"}],"wp:featuredmedia":[{"embeddable":true,"href":"https:\/\/areabadalona.com\/diario\/wp-json\/wp\/v2\/media\/5299"}],"wp:attachment":[{"href":"https:\/\/areabadalona.com\/diario\/wp-json\/wp\/v2\/media?parent=5298"}],"wp:term":[{"taxonomy":"category","embeddable":true,"href":"https:\/\/areabadalona.com\/diario\/wp-json\/wp\/v2\/categories?post=5298"},{"taxonomy":"post_tag","embeddable":true,"href":"https:\/\/areabadalona.com\/diario\/wp-json\/wp\/v2\/tags?post=5298"}],"curies":[{"name":"wp","href":"https:\/\/api.w.org\/{rel}","templated":true}]}}