{"id":5295,"date":"2023-05-11T08:00:00","date_gmt":"2023-05-11T08:00:00","guid":{"rendered":"https:\/\/areabadalona.com\/diario\/?p=5295"},"modified":"2023-05-11T11:03:46","modified_gmt":"2023-05-11T11:03:46","slug":"mes-de-40-persones-ferides-lleus-durant-la-cremada-del-dimoni","status":"publish","type":"post","link":"https:\/\/areabadalona.com\/diario\/2023\/05\/11\/mes-de-40-persones-ferides-lleus-durant-la-cremada-del-dimoni\/","title":{"rendered":"M\u00e9s de 40 persones ferides lleus durant la Cremada del Dimoni"},"content":{"rendered":"\n<p>Ahir a la nit es va dur a terme la tradicional Cremada del Dimoni per les Festes de Maig. El fort vent que hi havia a la platja va provocar que la carcassa d&#8217;un coet durant el piromusical caigu\u00e9s sobre una part del p\u00fablic causant ferides lleus a unes 14 persones, una de les quals va ser traslladada en ambul\u00e0ncia a un centre sanitari per ser atesa. Despr\u00e9s, i tamb\u00e9 a causa del vent, les guspires del Dimoni que s&#8217;estava cremant van afectar de forma lleu una trentena de persones i dues palmeres de la Rambla.<\/p>\n\n\n\n<p>La Cremada del Dimoni va reunir 100.000 persones a la Rambla, al passeig Mar\u00edtim i a la platja de la ciutat.<\/p>\n","protected":false},"excerpt":{"rendered":"<p>Ahir a la nit es va dur a terme la tradicional Cremada del Dimoni per les Festes de Maig. El fort vent que hi havia a la platja va provocar que la carcassa d&#8217;un coet durant el piromusical caigu\u00e9s sobre una part del p\u00fablic causant ferides lleus a unes 14 persones, una de les quals [&hellip;]<\/p>\n","protected":false},"author":1,"featured_media":5296,"comment_status":"open","ping_status":"open","sticky":false,"template":"","format":"standard","meta":{"footnotes":""},"categories":[23],"tags":[],"class_list":{"0":"post-5295","1":"post","2":"type-post","3":"status-publish","4":"format-standard","5":"has-post-thumbnail","7":"category-actualitat"},"_links":{"self":[{"href":"https:\/\/areabadalona.com\/diario\/wp-json\/wp\/v2\/posts\/5295","targetHints":{"allow":["GET"]}}],"collection":[{"href":"https:\/\/areabadalona.com\/diario\/wp-json\/wp\/v2\/posts"}],"about":[{"href":"https:\/\/areabadalona.com\/diario\/wp-json\/wp\/v2\/types\/post"}],"author":[{"embeddable":true,"href":"https:\/\/areabadalona.com\/diario\/wp-json\/wp\/v2\/users\/1"}],"replies":[{"embeddable":true,"href":"https:\/\/areabadalona.com\/diario\/wp-json\/wp\/v2\/comments?post=5295"}],"version-history":[{"count":1,"href":"https:\/\/areabadalona.com\/diario\/wp-json\/wp\/v2\/posts\/5295\/revisions"}],"predecessor-version":[{"id":5297,"href":"https:\/\/areabadalona.com\/diario\/wp-json\/wp\/v2\/posts\/5295\/revisions\/5297"}],"wp:featuredmedia":[{"embeddable":true,"href":"https:\/\/areabadalona.com\/diario\/wp-json\/wp\/v2\/media\/5296"}],"wp:attachment":[{"href":"https:\/\/areabadalona.com\/diario\/wp-json\/wp\/v2\/media?parent=5295"}],"wp:term":[{"taxonomy":"category","embeddable":true,"href":"https:\/\/areabadalona.com\/diario\/wp-json\/wp\/v2\/categories?post=5295"},{"taxonomy":"post_tag","embeddable":true,"href":"https:\/\/areabadalona.com\/diario\/wp-json\/wp\/v2\/tags?post=5295"}],"curies":[{"name":"wp","href":"https:\/\/api.w.org\/{rel}","templated":true}]}}