{"id":5293,"date":"2023-05-11T07:43:45","date_gmt":"2023-05-11T07:43:45","guid":{"rendered":"https:\/\/areabadalona.com\/diario\/?p=5293"},"modified":"2023-05-11T07:43:46","modified_gmt":"2023-05-11T07:43:46","slug":"ampliat-fins-al-dimarts-16-de-maig-el-periode-dinscripcio-per-a-la-cursa-del-dimoni","status":"publish","type":"post","link":"https:\/\/areabadalona.com\/diario\/2023\/05\/11\/ampliat-fins-al-dimarts-16-de-maig-el-periode-dinscripcio-per-a-la-cursa-del-dimoni\/","title":{"rendered":"Ampliat fins al dimarts 16 de maig el per\u00edode d\u2019inscripci\u00f3 per a la Cursa del Dimoni!\u00a0"},"content":{"rendered":"\n<p>El per\u00edode d\u2019inscripci\u00f3 per participar en la 43a Cursa Popular Ciutat de Badalona, coneguda tamb\u00e9 com la <strong>Cursa del Dimoni!,<\/strong> que tindr\u00e0 lloc <strong>diumenge 21 de maig, <\/strong>s\u2019ha ampliat<strong> fins a les 12 de la nit del dimarts 16 de maig, <\/strong>sempre i quan no s\u2019exhaureixen abans els dorsals.&nbsp;<\/p>\n\n\n\n<p>El preu de les inscripcions per als circuits mini, mitj\u00e0 i inclusiu \u00e9s de 2 euros. Per al circuit gran, la inscripci\u00f3 \u00e9s de 5 euros. Tota la informaci\u00f3 i les inscripcions es poden fer a trav\u00e9s de la web municipal &nbsp;<\/p>\n\n\n\n<p><a href=\"http:\/\/badalona.cat\/portalWeb\/badalona.portal?_nfpb=true&amp;_pageLabel=contingut_estatic&amp;dCollectionID=3754#wlp_contingut_estatic\">http:\/\/badalona.cat\/portalWeb\/badalona.portal?_nfpb=true&amp;_pageLabel=contingut_estatic&amp;dCollectionID=3754#wlp_contingut_estatic<\/a>&nbsp;<\/p>\n\n\n\n<p>La recollida dels dorsals, xip i bossa del corredor tindr\u00e0 lloc el dissabte 20 de maig, de 10 a 20 hores. En aquesta edici\u00f3, es far\u00e0 al Centre Comercial de Montigal\u00e0 (passeig d\u2019Olof Palme, 28-36).Excepcionalment, es podran recollir el mateix dia de la cursa, de 8.30 a 9.30 hores, i de 10.30 a 11.15 hores, a la secretaria de la cursa. Cal presentar el resguard amb el n\u00famero d\u2019inscripci\u00f3.&nbsp;<\/p>\n\n\n\n<p><strong>Una Cursa del Dimoni! per a tothom&nbsp;<\/strong><\/p>\n\n\n\n<p>La 43a Cursa Popular Ciutat de Badalona &#8211; La Cursa del Dimoni! ha organitzat diversos circuits per afavorir la participaci\u00f3 de tothom. Tots els circuits s\u00f3n inclusius. &nbsp;<\/p>\n\n\n\n<p>&#8211; <strong>La cursa gran<\/strong>, de 10 km, per a m\u00e9s grans de 15 anys, amb sortida a les 10 hores.&nbsp;<\/p>\n\n\n\n<p>&#8211; <strong>La cursa mitjana<\/strong>, de 5 km, destinada al jovent d\u201911 a 14 anys i adults, amb sortida a les 10 hores. &nbsp;<\/p>\n\n\n\n<p>&#8211; <strong>La cursa mini<\/strong>, d\u20191,7 km, per a nens i nenes fins a 10 anys, amb sortida a les 11.30 hores. &nbsp;<\/p>\n\n\n\n<p>&#8211; <strong>La cursa inclusiva<\/strong>, de 50-100-500 metres, pensada per a persones amb diversitat funcional o amb capacitats redu\u00efdes, tant f\u00edsiques com ps\u00edquiques, amb sortida a les 11.30 hores.&nbsp;<\/p>\n","protected":false},"excerpt":{"rendered":"<p>El per\u00edode d\u2019inscripci\u00f3 per participar en la 43a Cursa Popular Ciutat de Badalona, coneguda tamb\u00e9 com la Cursa del Dimoni!, que tindr\u00e0 lloc diumenge 21 de maig, s\u2019ha ampliat fins a les 12 de la nit del dimarts 16 de maig, sempre i quan no s\u2019exhaureixen abans els dorsals.&nbsp; El preu de les inscripcions per [&hellip;]<\/p>\n","protected":false},"author":1,"featured_media":5162,"comment_status":"open","ping_status":"open","sticky":false,"template":"","format":"standard","meta":{"footnotes":""},"categories":[23,26],"tags":[],"class_list":{"0":"post-5293","1":"post","2":"type-post","3":"status-publish","4":"format-standard","5":"has-post-thumbnail","7":"category-actualitat","8":"category-esports"},"_links":{"self":[{"href":"https:\/\/areabadalona.com\/diario\/wp-json\/wp\/v2\/posts\/5293","targetHints":{"allow":["GET"]}}],"collection":[{"href":"https:\/\/areabadalona.com\/diario\/wp-json\/wp\/v2\/posts"}],"about":[{"href":"https:\/\/areabadalona.com\/diario\/wp-json\/wp\/v2\/types\/post"}],"author":[{"embeddable":true,"href":"https:\/\/areabadalona.com\/diario\/wp-json\/wp\/v2\/users\/1"}],"replies":[{"embeddable":true,"href":"https:\/\/areabadalona.com\/diario\/wp-json\/wp\/v2\/comments?post=5293"}],"version-history":[{"count":1,"href":"https:\/\/areabadalona.com\/diario\/wp-json\/wp\/v2\/posts\/5293\/revisions"}],"predecessor-version":[{"id":5294,"href":"https:\/\/areabadalona.com\/diario\/wp-json\/wp\/v2\/posts\/5293\/revisions\/5294"}],"wp:featuredmedia":[{"embeddable":true,"href":"https:\/\/areabadalona.com\/diario\/wp-json\/wp\/v2\/media\/5162"}],"wp:attachment":[{"href":"https:\/\/areabadalona.com\/diario\/wp-json\/wp\/v2\/media?parent=5293"}],"wp:term":[{"taxonomy":"category","embeddable":true,"href":"https:\/\/areabadalona.com\/diario\/wp-json\/wp\/v2\/categories?post=5293"},{"taxonomy":"post_tag","embeddable":true,"href":"https:\/\/areabadalona.com\/diario\/wp-json\/wp\/v2\/tags?post=5293"}],"curies":[{"name":"wp","href":"https:\/\/api.w.org\/{rel}","templated":true}]}}