{"id":5290,"date":"2023-05-11T07:39:43","date_gmt":"2023-05-11T07:39:43","guid":{"rendered":"https:\/\/areabadalona.com\/diario\/?p=5290"},"modified":"2023-05-11T07:39:44","modified_gmt":"2023-05-11T07:39:44","slug":"el-museu-de-badalona-se-suma-aquest-dissabte-13-de-maig-a-la-celebracio-de-la-nit-dels-museus","status":"publish","type":"post","link":"https:\/\/areabadalona.com\/diario\/2023\/05\/11\/el-museu-de-badalona-se-suma-aquest-dissabte-13-de-maig-a-la-celebracio-de-la-nit-dels-museus\/","title":{"rendered":"El Museu de Badalona se suma aquest dissabte 13 de maig a la celebraci\u00f3 de la Nit dels Museus"},"content":{"rendered":"\n<p>El Museu de Badalona torna a celebrar aquest dissabte 13 de maig la Nit dels Museus, una jornada de portes obertes amb aforament limitat que s\u2019organitza al voltant de la commemoraci\u00f3 el 18 de maig del Dia Internacional dels Museus.&nbsp;<\/p>\n\n\n\n<p>Des de les 19 hores i fins a la 1 hora de la matinada, s\u2019obriran les portes dels espais muse\u00eftzats de la ciutat romana de <em>Baetulo<\/em>, on els assistents podran passejar d\u2019una manera diferent, amb calma i sense presses, i descobrir aix\u00ed l\u2019impressionant llegat rom\u00e0 que es conserva a la ciutat.&nbsp;<\/p>\n\n\n\n<p>Aquest any es podran veure gratu\u00eftament l\u2019espai Termes-Decumanus, el Jard\u00ed de Quint Licini, la Casa dels Dofins i la Casa de l\u2019Heura. A m\u00e9s, l\u2019experi\u00e8ncia es pot complementar visitant l\u2019exposici\u00f3 \u201cPerfumeria Parera. 100 anys de Varon Dandy\u201d, una mostra situada a la segona planta del Museu que ens transporta fins a l\u2019\u00e8poca de la industrialitzaci\u00f3 de la m\u00e0 d\u2019una de les empreses m\u00e9s importants de Badalona.&nbsp;<\/p>\n","protected":false},"excerpt":{"rendered":"<p>El Museu de Badalona torna a celebrar aquest dissabte 13 de maig la Nit dels Museus, una jornada de portes obertes amb aforament limitat que s\u2019organitza al voltant de la commemoraci\u00f3 el 18 de maig del Dia Internacional dels Museus.&nbsp; Des de les 19 hores i fins a la 1 hora de la matinada, s\u2019obriran [&hellip;]<\/p>\n","protected":false},"author":1,"featured_media":5291,"comment_status":"open","ping_status":"open","sticky":false,"template":"","format":"standard","meta":{"footnotes":""},"categories":[25],"tags":[],"class_list":{"0":"post-5290","1":"post","2":"type-post","3":"status-publish","4":"format-standard","5":"has-post-thumbnail","7":"category-cultura"},"_links":{"self":[{"href":"https:\/\/areabadalona.com\/diario\/wp-json\/wp\/v2\/posts\/5290","targetHints":{"allow":["GET"]}}],"collection":[{"href":"https:\/\/areabadalona.com\/diario\/wp-json\/wp\/v2\/posts"}],"about":[{"href":"https:\/\/areabadalona.com\/diario\/wp-json\/wp\/v2\/types\/post"}],"author":[{"embeddable":true,"href":"https:\/\/areabadalona.com\/diario\/wp-json\/wp\/v2\/users\/1"}],"replies":[{"embeddable":true,"href":"https:\/\/areabadalona.com\/diario\/wp-json\/wp\/v2\/comments?post=5290"}],"version-history":[{"count":1,"href":"https:\/\/areabadalona.com\/diario\/wp-json\/wp\/v2\/posts\/5290\/revisions"}],"predecessor-version":[{"id":5292,"href":"https:\/\/areabadalona.com\/diario\/wp-json\/wp\/v2\/posts\/5290\/revisions\/5292"}],"wp:featuredmedia":[{"embeddable":true,"href":"https:\/\/areabadalona.com\/diario\/wp-json\/wp\/v2\/media\/5291"}],"wp:attachment":[{"href":"https:\/\/areabadalona.com\/diario\/wp-json\/wp\/v2\/media?parent=5290"}],"wp:term":[{"taxonomy":"category","embeddable":true,"href":"https:\/\/areabadalona.com\/diario\/wp-json\/wp\/v2\/categories?post=5290"},{"taxonomy":"post_tag","embeddable":true,"href":"https:\/\/areabadalona.com\/diario\/wp-json\/wp\/v2\/tags?post=5290"}],"curies":[{"name":"wp","href":"https:\/\/api.w.org\/{rel}","templated":true}]}}