{"id":5286,"date":"2023-05-09T15:42:28","date_gmt":"2023-05-09T15:42:28","guid":{"rendered":"https:\/\/areabadalona.com\/diario\/?p=5286"},"modified":"2023-05-09T15:42:31","modified_gmt":"2023-05-09T15:42:31","slug":"la-cremada-del-dimoni-sense-fum-tindra-lloc-aquest-dimecres-a-la-nit-vigilia-de-sant-anastasi-a-la-platja-dels-pescadors","status":"publish","type":"post","link":"https:\/\/areabadalona.com\/diario\/2023\/05\/09\/la-cremada-del-dimoni-sense-fum-tindra-lloc-aquest-dimecres-a-la-nit-vigilia-de-sant-anastasi-a-la-platja-dels-pescadors\/","title":{"rendered":"La Cremada del Dimoni \u201cSense fum\u201d tindr\u00e0 lloc aquest dimecres a la nit, vig\u00edlia de Sant Anastasi, a la platja dels Pescadors\u00a0"},"content":{"rendered":"\n<p>El Dimoni <em>\u2018Sense fum!\u2019<\/em>, figura inspirada en la contaminaci\u00f3 dels fums dels vehicles, dissenyada per \u00c0gata Gil i constru\u00efda per Ramon de los Heros., cremar\u00e0 dem\u00e0 a la nit, 10 de maig, vig\u00edlia de Sant Anastasi a la platja dels Pescadors com a acte central de la Nit de Sant Anastasi. Un cop apagades les flames, la m\u00fasica prendr\u00e0 el relleu festiu amb el <strong>Ball del Micaco<\/strong>, a la pla\u00e7a de la Plana, i els <strong>Concerts de Festes<\/strong>, al passeig Mar\u00edtim, amb <strong>Edu Esteve, Juan Magan i Doctor Prats<\/strong> com a artistes convidats.<\/p>\n\n\n\n<p>M\u00e9s informaci\u00f3 sobre la programaci\u00f3 de les Festes de Maig:<\/p>\n\n\n\n<figure class=\"wp-block-embed\"><div class=\"wp-block-embed__wrapper\">\nhttps:\/\/agendacultural.badalona.cat\/\n<\/div><\/figure>\n\n\n\n<figure class=\"wp-block-embed is-type-wp-embed is-provider-festes-de-maig-2023 wp-block-embed-festes-de-maig-2023\"><div class=\"wp-block-embed__wrapper\">\n<blockquote class=\"wp-embedded-content\" data-secret=\"Ua1aaU5Ski\"><a href=\"https:\/\/festesdemaig.cat\/\">Inici<\/a><\/blockquote><iframe loading=\"lazy\" class=\"wp-embedded-content\" sandbox=\"allow-scripts\" security=\"restricted\" style=\"position: absolute; clip: rect(1px, 1px, 1px, 1px);\" title=\"&#8220;Inici&#8221; &#8212; Festes de Maig 2023\" src=\"https:\/\/festesdemaig.cat\/embed\/#?secret=Ua1aaU5Ski\" data-secret=\"Ua1aaU5Ski\" width=\"600\" height=\"338\" frameborder=\"0\" marginwidth=\"0\" marginheight=\"0\" scrolling=\"no\"><\/iframe>\n<\/div><\/figure>\n\n\n\n<p>Qualsevol modificaci\u00f3 de la programaci\u00f3 per causes, per exemple meteorol\u00f2giques, s\u2019informar\u00e0 per les xarxes socials de les Festes de Maig<\/p>\n\n\n\n<p>Twitter: @festesdemaig<\/p>\n\n\n\n<p>Tik Tok @festesdemaig<\/p>\n\n\n\n<p>Facebook festesdemaigbdn<\/p>\n\n\n\n<p>Instagram: festesdemaig<\/p>\n\n\n\n<p><strong>Nit de Sant Anastasi i Cremada del Dimoni<\/strong><\/p>\n\n\n\n<p>El vespre del dimecres 10 de maig, vig\u00edlia de Sant Anastasi, se celebrar\u00e0 la Nit de Sant Anastasi, formada per un conjunt d&#8217;actes consecutius que precedeixen la Cremada del Dimoni.<\/p>\n\n\n\n<p>&#8211; 17 hores. <strong>Repic de campanes<\/strong> des de l\u2019esgl\u00e9sia de Santa Maria. Anuncia que l\u2019endem\u00e0 \u00e9s la festivitat de Sant Anastasi<\/p>\n\n\n\n<p>&#8211; 19 hores, a la pla\u00e7a de la Vila, s\u2019inicia el <strong>Ball a pla\u00e7a<\/strong>, el <strong>Seguici de la Ciutat<\/strong>, l\u2019<strong>Acte Sacramental<\/strong> i el <strong>Ball de l\u2019\u00c0liga<\/strong>.<\/p>\n\n\n\n<p>&#8211; 22 hores, al passeig de la Rambla, comen\u00e7ar\u00e0 el <strong>piromusical <\/strong>i la <strong>Cremada del Dimoni<\/strong>, l\u2019acte m\u00e9s representatiu i tradicional de les Festes de Maig. El dimoni porta plantat a la platja dels Pescadors des del dilluns 1 de maig, on els escolars han anat deixant els seus dimoniets al costat de la figura del Dimoni.<\/p>\n\n\n\n<p>L\u2019espai reservat per a persones amb diversitat funcional est\u00e0 situat al passeig Mar\u00edtim, al costat de la caseta dels Pescadors. Cal accedir-hi pel pas subterrani de l\u2019avinguda d\u2019en Mart\u00ed Pujol.<\/p>\n\n\n\n<p>Televisi\u00f3 de Badalona ofereix un programa especial en directe des del passeig de la Rambla des de les 19.00 fins a les 22.30 hores.<\/p>\n\n\n\n<p><strong>Ball de Festa Major per a gent gran<\/strong><\/p>\n\n\n\n<p>La pla\u00e7a de la Plana ser\u00e0 l\u2019escenari aquest dimecres 10 de maig a partir de les 18 hores de l\u2019actuaci\u00f3 de l\u2019<strong>Orquestra Montgrins<\/strong>. \u00c9s una de les orquestres m\u00e9s antigues i prestigioses de Catalunya. El seu repertori de temes musicals \u00e9s ampli i divers.<\/p>\n\n\n\n<p><strong>Ball del Micaco<\/strong><\/p>\n\n\n\n<p>La pla\u00e7a de la Plana ser\u00e0, a partir de les 23.15, l\u2019escenari del tradicional Ball del Micaco on sonaran els g\u00e8neres musicals que no passen mai de moda.<\/p>\n\n\n\n<p><strong>Concerts de Festes<\/strong><\/p>\n\n\n\n<p>Els Concerts de Festes a l\u2019escenari del passeig Mar\u00edtim comen\u00e7aran a partir de les 23.00 hores.<\/p>\n\n\n\n<p>Obrir\u00e0 cartell l\u2019<strong>Edu Esteve<\/strong>, artista badalon\u00ed que va decidir enfocar tota la seva energia al m\u00f3n de la m\u00fasica, despr\u00e9s del seu pas pel programa Euf\u00f2ria, de TV3. Fent evident el seu \u00e8xit, en molt poc temps l\u2019artista s\u2019ha convertit en un dels referents emergents amb m\u00e9s projecci\u00f3 de futur dins el panorama musical catal\u00e0. Amb La primavera com a carta de presentaci\u00f3 del seu nou treball discogr\u00e0fic que ha vist la llum aquest 2023, l\u2019Edu presenta la seva gira a Badalona amb un show acompanyat de ballarins i ballarines.<\/p>\n\n\n\n<p>00.30 hores. <strong>Juan Mag\u00e1n<\/strong>. Artista badalon\u00ed d\u2019\u00e8xit internacional, ha estat nominat sis vegades al Latin Grammy, i sis m\u00e9s als Latin Music Awards de Billboard, entre d\u2019altres. El nostre artista m\u00e9s medi\u00e0tic actuar\u00e0 al passeig Mar\u00edtim, un marc incomparable en una nit ben especial. El men\u00fa que ens proposa Juan Mag\u00e1n \u00e9s ben sabut: tones i tones de m\u00fasica amb segell electrolatino<\/p>\n\n\n\n<p>02 hores. <strong>Doctor Prats<\/strong>. Amb nom\u00e9s quatre anys de traject\u00f2ria aquest grup de Terrassa ja tenen tres \u00e0lbums al mercat. Capa\u00e7os de barrejar estils tan diversos com el pop, la cumbia, el reggae, l\u2019ska, el rock, l\u2019electroswing o el dubstep amb ess\u00e8ncies de les tribus sioux, portant el mestissatge musical al nivell m\u00e9s elevat.<\/p>\n\n\n\n<p><strong>Festivitat de Sant Anastasi<\/strong><\/p>\n\n\n\n<p>Els actes festius del dia de Sant Anastasi del dijous 11 de maig comen\u00e7aran ben d\u2019hora.<\/p>\n\n\n\n<p>&#8211; <strong>Matinades<\/strong>. A partir de les 8 del mat\u00ed els grallers i els diables recorreran els carrers dels barris del Centre i de Dalt de la Vila per anunciar sorollosament l\u2019inici de la festivitat de Sant Anasatasi.<\/p>\n\n\n\n<p><strong>Repic de Festa<\/strong><\/p>\n\n\n\n<p>El repic de les campanes de l\u2019esgl\u00e9sia de Santa Maria, a c\u00e0rrec dels <strong>Campaners de Badalona<\/strong>, anunciaran a partir de les 10 hores la festivitat de Sant Anastasi.<\/p>\n\n\n\n<p><strong>Anada a ofici<\/strong><\/p>\n\n\n\n<p>La corporaci\u00f3 municipal recorrer\u00e0 els carrers des de la pla\u00e7a de la Vila fins a la pla\u00e7a de Barber\u00e0 acompanyada de balls populars. A la pla\u00e7a de Barber\u00e0 hi haur\u00e0 una <strong>ballada dels diferents entremesos<\/strong> al repl\u00e0 l\u2019esgl\u00e9sia. Hi participen: Ball de Diables de Badalona, Dragolins Xarop, Pomada i Xeringueta, gegantons Tasi i Mariona, Ball de Cercolets, Ball de Punts, Castellers de Badalona, Bandera de Sant Anastasi, macers, corporaci\u00f3 municipal i ministers de Sant Anastasi<\/p>\n\n\n\n<p><strong>Repic de Campanes. Toc de Missa<\/strong><\/p>\n\n\n\n<p>A les 10.45 hores el repic de campanes a c\u00e0rrec dels Campaners de Badalona anunciar\u00e0 l\u2019ofici de Sant Anastasi.<\/p>\n\n\n\n<p><strong>Ofici Solemne<\/strong><\/p>\n\n\n\n<p>L\u2019esgl\u00e9sia de Santa Maria acollir\u00e0 a les 11 hores l\u2019Ofici Solemne que inclou la Missa de Sant Josep interpretada amb orgue amb la col\u00b7laboraci\u00f3 de la Coral La Badalonense, l\u2019ofrena del Ball de l\u2019\u00c0liga i un ball de gegants.<\/p>\n\n\n\n<p><strong>Tornada d\u2019Ofici<\/strong><\/p>\n\n\n\n<p>La corporaci\u00f3 municipal tornar\u00e0, acompanyada dels balls populars, fins a la pla\u00e7a de la Vila, on hi haur\u00e0 una ballada dels diferents entremesos.<\/p>\n\n\n\n<p><strong>Ball del Bar\u00f3 de Mald\u00e0.<\/strong><\/p>\n\n\n\n<p>A les 18.15 hores, representaci\u00f3 del ball del Bar\u00f3 de Mald\u00e0, al repl\u00e0 de les escales de l\u2019esgl\u00e9sia de Santa Maria.<\/p>\n\n\n\n<p><strong>Baixada del Sant i Passada de Sant Anastasi<\/strong><\/p>\n\n\n\n<p>A les 19 hores s\u2019inicia des de l\u2019esgl\u00e9sia de Santa Maria el ritual de sortida del tabernacle de Sant Anastasi. A la pla\u00e7a de Barber\u00e0 es far\u00e0 el primer Ball de la Bandera. Recorregut amb la imatge del sant sobre el tabernacle, acompanyada pels balls que recorreran els carrers de Baix a Mar.<\/p>\n\n\n\n<p><strong>Cant dels Goigs i Toca Tancar<\/strong><\/p>\n\n\n\n<p>Els actes de la festivitat de Sant Anastasi acabaran solemnement a les 21 hores a l\u2019esgl\u00e9sia de Santa Maria amb el Cant dels Goigs en honor a la figura de Sant Anastasi. Posteriorment, tots els balls que han participat en la Passada de Sant Anastasi tornaran cap a la pla\u00e7a de la vila ballant iu mostrant el seu costat m\u00e9s esbojarrat.<\/p>\n\n\n\n<p><strong>Altres actes festius de la diada de Sant Anastasi<\/strong><\/p>\n\n\n\n<p><strong>Dinar Popular<\/strong>: A les 14.30 hores a la pla\u00e7a de la Plana<\/p>\n\n\n\n<p><strong>Reggaee per Xics<\/strong> (actuaci\u00f3 infantil). A partir de les 17 hores a la pla\u00e7a de la Plana.<\/p>\n\n\n\n<p><strong>Ballada de Sardanes<\/strong>: A partir de les 18.30 hores a la pla\u00e7a de la Vila amb la <strong>Cobla Marinada<\/strong> i l\u2019organitzaci\u00f3 de Badalona Sardanista.<\/p>\n\n\n\n<p><strong>Concerts de Festes divendres 12 de maig<\/strong><\/p>\n\n\n\n<p>El divendres 12 de maig l\u2019escenari del passeig Mar\u00edtim torna a acollir un nou cartell dels Concerts de Festes de Maig.<\/p>\n\n\n\n<p>21 hores. <strong>Willio<\/strong>. El nou projecte del guanyador de l\u2019en\u00e8sim Concurs de M\u00fasica de Badalona agafa for\u00e7a i pren l\u2019escenari amb una proposta de pop-fusi\u00f3 plena de vida amb un repertori en\u00e8rgic i vibrant.<\/p>\n\n\n\n<p>22.15 hores. <strong>Chambao<\/strong>. Torna l\u2019artista malaguenya que va redefinir el so de la m\u00fasica andalusa. A Badalona far\u00e0 un rep\u00e0s dels \u00e8xits m\u00e9s importants de la seva carrera art\u00edstica, uns \u00e8xits musicals que van influir en tota una llarga generaci\u00f3 d\u2019artistes i que van convertir a Chambao en una banda \u00fanica.<\/p>\n\n\n\n<p>24 hores. <strong>Els Catarres<\/strong>. L\u2019actual auge del panorama musical dels Pa\u00efsos Catalans no es podria entendre sense Els Catarres. La banda \u00e9s responsable del ressorgiment de la m\u00fasica festiva del pop nacional i ha aconseguit fites hist\u00f2riques que han marcat un abans i un despr\u00e9s en la m\u00fasica en catal\u00e0. Despr\u00e9s de dos anys sense pujar a l\u2019escenari, la banda torna a brillar amb tota la for\u00e7a.<\/p>\n\n\n\n<p>02 hores. <strong>Festa RAC 105. DJ Enric Font.<\/strong> Enric Font \u00e9s el presentador del programa \u2018Ja Tardes!\u2019, l\u2019<em>afterwork<\/em> radiof\u00f2nic de RAC105. A m\u00e9s, \u00e9s un reconegut DJ i productor musical amb m\u00e9s de 15 anys que ha punxat a les festes m\u00e9s multitudin\u00e0ries i divertides de Catalunya.<\/p>\n","protected":false},"excerpt":{"rendered":"<p>El Dimoni \u2018Sense fum!\u2019, figura inspirada en la contaminaci\u00f3 dels fums dels vehicles, dissenyada per \u00c0gata Gil i constru\u00efda per Ramon de los Heros., cremar\u00e0 dem\u00e0 a la nit, 10 de maig, vig\u00edlia de Sant Anastasi a la platja dels Pescadors com a acte central de la Nit de Sant Anastasi. Un cop apagades les [&hellip;]<\/p>\n","protected":false},"author":2,"featured_media":5287,"comment_status":"open","ping_status":"open","sticky":false,"template":"","format":"standard","meta":{"footnotes":""},"categories":[23,25],"tags":[],"class_list":{"0":"post-5286","1":"post","2":"type-post","3":"status-publish","4":"format-standard","5":"has-post-thumbnail","7":"category-actualitat","8":"category-cultura"},"_links":{"self":[{"href":"https:\/\/areabadalona.com\/diario\/wp-json\/wp\/v2\/posts\/5286","targetHints":{"allow":["GET"]}}],"collection":[{"href":"https:\/\/areabadalona.com\/diario\/wp-json\/wp\/v2\/posts"}],"about":[{"href":"https:\/\/areabadalona.com\/diario\/wp-json\/wp\/v2\/types\/post"}],"author":[{"embeddable":true,"href":"https:\/\/areabadalona.com\/diario\/wp-json\/wp\/v2\/users\/2"}],"replies":[{"embeddable":true,"href":"https:\/\/areabadalona.com\/diario\/wp-json\/wp\/v2\/comments?post=5286"}],"version-history":[{"count":1,"href":"https:\/\/areabadalona.com\/diario\/wp-json\/wp\/v2\/posts\/5286\/revisions"}],"predecessor-version":[{"id":5288,"href":"https:\/\/areabadalona.com\/diario\/wp-json\/wp\/v2\/posts\/5286\/revisions\/5288"}],"wp:featuredmedia":[{"embeddable":true,"href":"https:\/\/areabadalona.com\/diario\/wp-json\/wp\/v2\/media\/5287"}],"wp:attachment":[{"href":"https:\/\/areabadalona.com\/diario\/wp-json\/wp\/v2\/media?parent=5286"}],"wp:term":[{"taxonomy":"category","embeddable":true,"href":"https:\/\/areabadalona.com\/diario\/wp-json\/wp\/v2\/categories?post=5286"},{"taxonomy":"post_tag","embeddable":true,"href":"https:\/\/areabadalona.com\/diario\/wp-json\/wp\/v2\/tags?post=5286"}],"curies":[{"name":"wp","href":"https:\/\/api.w.org\/{rel}","templated":true}]}}