{"id":5283,"date":"2023-05-09T11:31:20","date_gmt":"2023-05-09T11:31:20","guid":{"rendered":"https:\/\/areabadalona.com\/diario\/?p=5283"},"modified":"2023-05-09T11:31:21","modified_gmt":"2023-05-09T11:31:21","slug":"fins-al-19-de-maig-esta-obert-el-termini-de-preinscripcio-a-les-escoles-bressol-municipals","status":"publish","type":"post","link":"https:\/\/areabadalona.com\/diario\/2023\/05\/09\/fins-al-19-de-maig-esta-obert-el-termini-de-preinscripcio-a-les-escoles-bressol-municipals\/","title":{"rendered":"Fins al 19 de maig est\u00e0 obert el termini de preinscripci\u00f3 a les escoles bressol municipals\u00a0"},"content":{"rendered":"\n<p>Fins al pr\u00f2xim divendres 19 de maig est\u00e0 obert el termini per a fer la preinscripci\u00f3 de l\u2019alumnat infantil de 0 a 3 anys a les escoles bressol municipals. Les sol\u00b7licituds s\u2019han de presentar telem\u00e0ticament a trav\u00e9s de la <a href=\"https:\/\/seu.badalona.cat\/sta\/CarpetaPublic\/doEvent?APP_CODE=STA&amp;PAGE_CODE=PTS_CATSERV&amp;DETALLE=6269000171155596899500\">seu electr\u00f2nica<\/a> indicant les opcions escollides i aportant tota la documentaci\u00f3 necess\u00e0ria per a realitzar el tr\u00e0mit. Podeu consultar tota la informaci\u00f3 relativa al proc\u00e9s de preinscripci\u00f3 en el <a href=\"http:\/\/badalona.cat\/portalWeb\/badalona.portal?_nfpb=true&amp;_pageLabel=contingut_estatic&amp;dCollectionID=710#wlp_contingut_estatic\">web de l\u2019Ajuntament de Badalona<\/a>. A m\u00e9s, per rebre suport i resoldre dubtes sobre la preinscripci\u00f3 es pot demanar atenci\u00f3 presencial amb cita pr\u00e8via enviant un correu a <a>ome@badalona.cat<\/a> o trucant al tel\u00e8fon 93 483 29 97.&nbsp;<\/p>\n\n\n\n<p>Les escoles bressol municipals acullen infants de 0 a 3 anys en el primer cicle de l\u2019educaci\u00f3 infantil. Formen part del nostre sistema educatiu, tot i que no s\u00f3n de car\u00e0cter obligatori. S\u00f3n centres que tenen cura dels infants amb l\u2019objectiu primordial de contribuir a la seva educaci\u00f3, en m\u00fatua col\u00b7laboraci\u00f3 entre les fam\u00edlies i l\u2019equip pedag\u00f2gic.&nbsp;<\/p>\n","protected":false},"excerpt":{"rendered":"<p>Fins al pr\u00f2xim divendres 19 de maig est\u00e0 obert el termini per a fer la preinscripci\u00f3 de l\u2019alumnat infantil de 0 a 3 anys a les escoles bressol municipals. Les sol\u00b7licituds s\u2019han de presentar telem\u00e0ticament a trav\u00e9s de la seu electr\u00f2nica indicant les opcions escollides i aportant tota la documentaci\u00f3 necess\u00e0ria per a realitzar el [&hellip;]<\/p>\n","protected":false},"author":2,"featured_media":5284,"comment_status":"open","ping_status":"open","sticky":false,"template":"","format":"standard","meta":{"footnotes":""},"categories":[23,24],"tags":[],"class_list":{"0":"post-5283","1":"post","2":"type-post","3":"status-publish","4":"format-standard","5":"has-post-thumbnail","7":"category-actualitat","8":"category-societat"},"_links":{"self":[{"href":"https:\/\/areabadalona.com\/diario\/wp-json\/wp\/v2\/posts\/5283","targetHints":{"allow":["GET"]}}],"collection":[{"href":"https:\/\/areabadalona.com\/diario\/wp-json\/wp\/v2\/posts"}],"about":[{"href":"https:\/\/areabadalona.com\/diario\/wp-json\/wp\/v2\/types\/post"}],"author":[{"embeddable":true,"href":"https:\/\/areabadalona.com\/diario\/wp-json\/wp\/v2\/users\/2"}],"replies":[{"embeddable":true,"href":"https:\/\/areabadalona.com\/diario\/wp-json\/wp\/v2\/comments?post=5283"}],"version-history":[{"count":1,"href":"https:\/\/areabadalona.com\/diario\/wp-json\/wp\/v2\/posts\/5283\/revisions"}],"predecessor-version":[{"id":5285,"href":"https:\/\/areabadalona.com\/diario\/wp-json\/wp\/v2\/posts\/5283\/revisions\/5285"}],"wp:featuredmedia":[{"embeddable":true,"href":"https:\/\/areabadalona.com\/diario\/wp-json\/wp\/v2\/media\/5284"}],"wp:attachment":[{"href":"https:\/\/areabadalona.com\/diario\/wp-json\/wp\/v2\/media?parent=5283"}],"wp:term":[{"taxonomy":"category","embeddable":true,"href":"https:\/\/areabadalona.com\/diario\/wp-json\/wp\/v2\/categories?post=5283"},{"taxonomy":"post_tag","embeddable":true,"href":"https:\/\/areabadalona.com\/diario\/wp-json\/wp\/v2\/tags?post=5283"}],"curies":[{"name":"wp","href":"https:\/\/api.w.org\/{rel}","templated":true}]}}