{"id":5276,"date":"2023-05-09T09:01:08","date_gmt":"2023-05-09T09:01:08","guid":{"rendered":"https:\/\/areabadalona.com\/diario\/?p=5276"},"modified":"2023-05-09T09:01:09","modified_gmt":"2023-05-09T09:01:09","slug":"el-parc-de-les-muntanyetes-acollira-aquest-diumenge-la-28a-edicio-del-mercat-del-trasto-amb-200-parades","status":"publish","type":"post","link":"https:\/\/areabadalona.com\/diario\/2023\/05\/09\/el-parc-de-les-muntanyetes-acollira-aquest-diumenge-la-28a-edicio-del-mercat-del-trasto-amb-200-parades\/","title":{"rendered":"El parc de les Muntanyetes acollir\u00e0 aquest diumenge la 28a edici\u00f3 del Mercat del Trasto amb 200 parades\u00a0"},"content":{"rendered":"\n<p>El parc de la Muntanyetes, al barri de Puigfred, acollir\u00e0 aquest diumenge, 14 de maig, de 9.30 a 14 hores, la 28a edici\u00f3 del Mercat del Trasto de Badalona, una fira on la ciutadania i les associacions sense \u00e0nim de lucre poden vendre els seus objectes de segona m\u00e0 que ja no facin servir. El mercat t\u00e9 com a objectiu promoure la reutilitzaci\u00f3, i donar valor als objectes usats que estiguin en bon estat perqu\u00e8 no es converteixin en residus. \u00c9s per aix\u00f2 que s\u2019emmarca dins les actuacions de la Setmana Europea de Prevenci\u00f3 de Residus. En aquesta nova edici\u00f3 el mercat comptar\u00e0 amb unes 200 parades.&nbsp;<\/p>\n\n\n\n<p><strong>Un Mercat del Trasto amb vessant solid\u00e0ria&nbsp;<\/strong><\/p>\n\n\n\n<p>Com s\u2019ha fet en altres anys el Mercat del Trasto t\u00e9 una vessant solid\u00e0ria i es demana a totes les persones que posin una parada que aportin, com a m\u00ednim, un quilo de menjar envasat (preferiblement arr\u00f2s, pasta, llegums, oli o llet) que es donar\u00e0 al Banc d\u2019Aliments de Badalona. A m\u00e9s, tothom que ho desitgi, podr\u00e0 fer aportacions de menjar ja que hi haur\u00e0 un punt de recollida espec\u00edfic. La recollida d\u2019aliments destinats a les persones m\u00e9s necessitades es far\u00e0 gr\u00e0cies a la col\u00b7laboraci\u00f3 de l\u2019Associaci\u00f3 Social Amics del Gorg Mar.&nbsp;<\/p>\n\n\n\n<p>Tamb\u00e9, tal com s\u2019ha anat fent en les \u00faltimes edicions, es tindr\u00e0 una cura especial en la recuperaci\u00f3 de residus que genera el mercat. \u00c9s per aix\u00f2 que comptar\u00e0 amb la col\u00b7laboraci\u00f3 l\u2019Associaci\u00f3 Solidan\u00e7a-Roba Amiga, una entitat sense afany de lucre i dedicada a la inserci\u00f3 sociolaboral de persones en situaci\u00f3 de vulnerabilitat social, que gestionar\u00e0 i revaloritzar\u00e0 els objectes per tal que no es converteixin en residus. Aix\u00ed, tots els objectes que els paradistes no hagin venut i vulguin llen\u00e7ar (roba, aparells el\u00e8ctrics, objectes diversos, etc..), els recollir\u00e0 l\u2019Associaci\u00f3 Solidan\u00e7a-Roba Amiga per tal de classificar-los i recuperar-los.&nbsp;<\/p>\n\n\n\n<p><strong>L\u2019Espai d\u2019Aigua Sostenible&nbsp;<\/strong><\/p>\n\n\n\n<p>Aquesta edici\u00f3 del Mercat del Trasto comptar\u00e0, de la m\u00e0 d\u2019Aig\u00fces de Barcelona, amb un nou espai l\u00fadic i educatiu dedicat especialment a les nenes i nens d\u2019entre 3 i 12 anys. Es tracta de l\u2019Espai d\u2019Aigua Sostenible, un esdeveniment on, els m\u00e9s petits, podran descobrir, mitjan\u00e7ant activitats dinamitzades, el cicle antr\u00f2pic de l\u2019aigua i com se\u2019n pot tenir cura. En definitiva; un espai de joc per tal de con\u00e8ixer la sostenibilitat i com treballar pel futur del planeta.&nbsp;<\/p>\n\n\n\n<p><strong>La cara oculta de la teva roba&nbsp;<\/strong><\/p>\n\n\n\n<p>Per tal de sensibilitzar al p\u00fablic sobre l\u2019impacte ambiental del t\u00e8xtil i la moda circular i sostenible com a alternativa, des de l\u2019\u00c0rea de Medi Ambient i Sostenibilitat de l\u2019Ajuntament de Badalona, s\u2019ha elaborat un d\u00edptic on informa i reflexiona sobre com reduir l\u2019impacte ambiental a l\u2019hora de comprar i mantenir la roba. Aquest fullet, que porta per nom \u201cLa cara oculta de la teva roba\u201d, es podr\u00e0 trobar al punt d\u2019informaci\u00f3 del Mercat del Trasto.&nbsp;<\/p>\n","protected":false},"excerpt":{"rendered":"<p>El parc de la Muntanyetes, al barri de Puigfred, acollir\u00e0 aquest diumenge, 14 de maig, de 9.30 a 14 hores, la 28a edici\u00f3 del Mercat del Trasto de Badalona, una fira on la ciutadania i les associacions sense \u00e0nim de lucre poden vendre els seus objectes de segona m\u00e0 que ja no facin servir. El [&hellip;]<\/p>\n","protected":false},"author":2,"featured_media":5278,"comment_status":"open","ping_status":"open","sticky":false,"template":"","format":"standard","meta":{"footnotes":""},"categories":[23],"tags":[],"class_list":{"0":"post-5276","1":"post","2":"type-post","3":"status-publish","4":"format-standard","5":"has-post-thumbnail","7":"category-actualitat"},"_links":{"self":[{"href":"https:\/\/areabadalona.com\/diario\/wp-json\/wp\/v2\/posts\/5276","targetHints":{"allow":["GET"]}}],"collection":[{"href":"https:\/\/areabadalona.com\/diario\/wp-json\/wp\/v2\/posts"}],"about":[{"href":"https:\/\/areabadalona.com\/diario\/wp-json\/wp\/v2\/types\/post"}],"author":[{"embeddable":true,"href":"https:\/\/areabadalona.com\/diario\/wp-json\/wp\/v2\/users\/2"}],"replies":[{"embeddable":true,"href":"https:\/\/areabadalona.com\/diario\/wp-json\/wp\/v2\/comments?post=5276"}],"version-history":[{"count":1,"href":"https:\/\/areabadalona.com\/diario\/wp-json\/wp\/v2\/posts\/5276\/revisions"}],"predecessor-version":[{"id":5279,"href":"https:\/\/areabadalona.com\/diario\/wp-json\/wp\/v2\/posts\/5276\/revisions\/5279"}],"wp:featuredmedia":[{"embeddable":true,"href":"https:\/\/areabadalona.com\/diario\/wp-json\/wp\/v2\/media\/5278"}],"wp:attachment":[{"href":"https:\/\/areabadalona.com\/diario\/wp-json\/wp\/v2\/media?parent=5276"}],"wp:term":[{"taxonomy":"category","embeddable":true,"href":"https:\/\/areabadalona.com\/diario\/wp-json\/wp\/v2\/categories?post=5276"},{"taxonomy":"post_tag","embeddable":true,"href":"https:\/\/areabadalona.com\/diario\/wp-json\/wp\/v2\/tags?post=5276"}],"curies":[{"name":"wp","href":"https:\/\/api.w.org\/{rel}","templated":true}]}}