{"id":5273,"date":"2023-05-09T08:54:20","date_gmt":"2023-05-09T08:54:20","guid":{"rendered":"https:\/\/areabadalona.com\/diario\/?p=5273"},"modified":"2023-05-09T08:54:21","modified_gmt":"2023-05-09T08:54:21","slug":"mes-d11-000-persones-ateses-al-barcelones-nord-per-creu-roja","status":"publish","type":"post","link":"https:\/\/areabadalona.com\/diario\/2023\/05\/09\/mes-d11-000-persones-ateses-al-barcelones-nord-per-creu-roja\/","title":{"rendered":"M\u00e9s d&#8217;11.000 persones ateses al Barcelon\u00e8s Nord per Creu Roja"},"content":{"rendered":"\n<p>La soledat no volguda de la Gent Gran continua sent una realitat social cada cop m\u00e9s usual entre la poblaci\u00f3 major de 65 anys. Al llarg de l\u2019any 2022, un total de 738 persones han participat en algun dels programes d\u2019acompanyament i atenci\u00f3 a la depend\u00e8ncia, entre ells la Xarxa social per a Gent Gran Enred@\u2019t on realitzen activitats grupals l\u00fadiques, sortides i xerrades, o el Programa Salut Constant, on a trav\u00e9s de tallers de gimn\u00e0stica i moviment es promociona un envelliment saludable. La teleassist\u00e8ncia continua tamb\u00e9 sent el servei per a Gent Gran de la instituci\u00f3 m\u00e9s sol\u00b7licitat.<br>Pel que fa a l\u2019atenci\u00f3 urgent de necessitats b\u00e0siques, com l\u2019entrega d\u2019aliments i material d\u2019higiene, el n\u00famero de fam\u00edlies ateses al llarg de l\u2019any s\u2019ha mantingut a l\u2019al\u00e7a, tend\u00e8ncia dels darrers 3 anys, arribant a les 978 fam\u00edlies ateses a Santa Coloma de Gramenet, o a les 489 fam\u00edlies a Sant Adri\u00e0 del Bes\u00f2s a trav\u00e9s dels Programes Municipals d\u2019Aliments, en coordinaci\u00f3 amb els Serveis Socials.<br>Un altre dels projectes que any rere any acull m\u00e9s peticions de suport \u00e9s el de millora socioambiental i vulnerabilitat energ\u00e8tica, que en total ha donat suport a 76 persones en temes vinculats a millorar l\u2019efici\u00e8ncia energ\u00e8tica de les llars i a resoldre dubtes sobre les factures dels subministraments, entre d\u2019altres aspectes de vulnerabilitat energ\u00e8tica.<\/p>\n\n\n\n<p><br><strong>Orientaci\u00f3 i acompanyament laboral<br><\/strong>Des dels programes d\u2019ocupaci\u00f3, on s\u2019han at\u00e8s 384 persones, s\u2019ha continuat oferint orientaci\u00f3 laboral individualitzada i grupal, aix\u00ed com formacions en \u00e0mbits concrets per apropar les persones ateses al m\u00f3n laboral amb un 60% d\u2019insercions aconseguides.<br>Com a novetat, al novembre de 2022 es va engegar el Club de Feina, que en el seu primer mes i mig de funcionament, va atendre 28 persones. Es tracta d\u2019un espai obert a tothom que estigui en cerca activa de feina (tinguin o no el perm\u00eds de treball), on les persones poden venir a resoldre dubtes sobre temes laborals, realitzar p\u00edndoles formatives o, simplement, fer \u00fas dels ordinadors i connexi\u00f3 a internet per a temes relacionats amb la recerca laboral.<\/p>\n\n\n\n<p><br><strong>Altres dades d\u2019inter\u00e8s<br><\/strong>Al llarg de 2022, la tasca de prevenci\u00f3 i promoci\u00f3 de la salut ha continuat com una de les l\u00ednies estrat\u00e8giques de la instituci\u00f3. En el cas del Barcelon\u00e8s Nord, a trav\u00e9s de programes com el de Salut i Dona, amb un total de 180 participants, aix\u00ed com a trav\u00e9s de xerrades i tallers de sensibilitzaci\u00f3 en centres educatius i de forma transversal amb els participants dels diferents projectes del Barcelon\u00e8s Nord.<br>Entre els projectes d\u2019atenci\u00f3 a la inf\u00e0ncia vulnerable, al llarg de 2022 han continuat els projectes de suport educatius com el d\u2019\u00e8xit Escolar, a Santa Coloma, amb 58 infants atesos, o Inf\u00e0ncia Hospitalitzada, a Can Ruti, amb 793 infants que han participat en les activitats i acompanyaments a la planta de pediatria. Com a novetat, al 2022 s\u2019ha desenvolupat el projecte \u201cAlzando la Voz\u201d, que ofereix suport psicol\u00f2gic per a infants v\u00edctimes de viol\u00e8ncia de g\u00e8nere, i que aquest any es torna a desenvolupar. En total 11 infants hi van participar.<\/p>\n\n\n\n<p><br><strong>El voluntariat, indispensable a la Creu Roja<br><\/strong>La base per poder seguir desenvolupant tots aquests i altres projectes, \u00e9s el voluntariat amb la seva implicaci\u00f3 en el dia a dia de l\u2019entitat. Un total de 410 persones volunt\u00e0ries han participat en la tasca de la Creu Roja al Barcelon\u00e8s Nord al llarg de 2022.<br>Tamb\u00e9 cal destacar el suport de la ciutadania i de les entitats i empreses s\u00f2cies dels municipis, que any rere any continuen donant suport a la instituci\u00f3.<\/p>\n","protected":false},"excerpt":{"rendered":"<p>La soledat no volguda de la Gent Gran continua sent una realitat social cada cop m\u00e9s usual entre la poblaci\u00f3 major de 65 anys. Al llarg de l\u2019any 2022, un total de 738 persones han participat en algun dels programes d\u2019acompanyament i atenci\u00f3 a la depend\u00e8ncia, entre ells la Xarxa social per a Gent Gran [&hellip;]<\/p>\n","protected":false},"author":2,"featured_media":5274,"comment_status":"open","ping_status":"open","sticky":false,"template":"","format":"standard","meta":{"footnotes":""},"categories":[23,24],"tags":[],"class_list":{"0":"post-5273","1":"post","2":"type-post","3":"status-publish","4":"format-standard","5":"has-post-thumbnail","7":"category-actualitat","8":"category-societat"},"_links":{"self":[{"href":"https:\/\/areabadalona.com\/diario\/wp-json\/wp\/v2\/posts\/5273","targetHints":{"allow":["GET"]}}],"collection":[{"href":"https:\/\/areabadalona.com\/diario\/wp-json\/wp\/v2\/posts"}],"about":[{"href":"https:\/\/areabadalona.com\/diario\/wp-json\/wp\/v2\/types\/post"}],"author":[{"embeddable":true,"href":"https:\/\/areabadalona.com\/diario\/wp-json\/wp\/v2\/users\/2"}],"replies":[{"embeddable":true,"href":"https:\/\/areabadalona.com\/diario\/wp-json\/wp\/v2\/comments?post=5273"}],"version-history":[{"count":1,"href":"https:\/\/areabadalona.com\/diario\/wp-json\/wp\/v2\/posts\/5273\/revisions"}],"predecessor-version":[{"id":5275,"href":"https:\/\/areabadalona.com\/diario\/wp-json\/wp\/v2\/posts\/5273\/revisions\/5275"}],"wp:featuredmedia":[{"embeddable":true,"href":"https:\/\/areabadalona.com\/diario\/wp-json\/wp\/v2\/media\/5274"}],"wp:attachment":[{"href":"https:\/\/areabadalona.com\/diario\/wp-json\/wp\/v2\/media?parent=5273"}],"wp:term":[{"taxonomy":"category","embeddable":true,"href":"https:\/\/areabadalona.com\/diario\/wp-json\/wp\/v2\/categories?post=5273"},{"taxonomy":"post_tag","embeddable":true,"href":"https:\/\/areabadalona.com\/diario\/wp-json\/wp\/v2\/tags?post=5273"}],"curies":[{"name":"wp","href":"https:\/\/api.w.org\/{rel}","templated":true}]}}