{"id":5269,"date":"2023-05-06T08:31:20","date_gmt":"2023-05-06T08:31:20","guid":{"rendered":"https:\/\/areabadalona.com\/diario\/?p=5269"},"modified":"2023-05-08T08:32:20","modified_gmt":"2023-05-08T08:32:20","slug":"la-periodista-badalonina-laura-fa-ha-estat-la-pregonera-de-les-festes-de-maig-2023","status":"publish","type":"post","link":"https:\/\/areabadalona.com\/diario\/2023\/05\/06\/la-periodista-badalonina-laura-fa-ha-estat-la-pregonera-de-les-festes-de-maig-2023\/","title":{"rendered":"La periodista badalonina Laura Fa ha estat la pregonera de les Festes de Maig 2023\u00a0"},"content":{"rendered":"\n<p>La periodista Laura Fa ha estat l\u2019encarregada de pronunciar el preg\u00f3 des del balc\u00f3 de la Casa de la Vila de les Festes de Maig de Badalona 2023. La popular i televisiva periodista ha estat acompanyada d\u2019una int\u00e8rpret de llenguatge de signes que ha ajudat les persones amb discapacitat auditiva a seguir el preg\u00f3, que tamb\u00e9 s\u2019ha pogut seguir a trav\u00e9s de R\u00e0dio Ciutat de Badalona i Televisi\u00f3 de Badalona.&nbsp;<\/p>\n\n\n\n<p>Laura Fa \u00e9s llicenciada en Hist\u00f2ria i Periodisme i va comen\u00e7ar la seva traject\u00f2ria professional a R\u00e0dio Ciutat de Badalona. La Laura \u00e9s un dels rostres, com a especialista de l\u2019anomenada \u201cpremsa del cor\u201d, m\u00e9s reconeguts per les seves aparicions als mitjans de comunicaci\u00f3, i especialment a programes televisius de gran audi\u00e8ncia com S\u00e1lvame. La periodista no desaprofita qualsevol ocasi\u00f3 per remarcar que no es veu vivint a cap altre lloc que no sigui Badalona.&nbsp;<\/p>\n\n\n\n<p><strong>Text \u00edntegre del preg\u00f3 de les Festes de Maig 2023 &nbsp;<\/strong><\/p>\n\n\n\n<p><em>Estic molt emocionada per ser la pregonera d\u2019aquestes Festes de Maig. He parlat molt d\u2019aquest moment amb la S\u00edlvia Soler i ja em deia: \u2018Se\u2019t far\u00e0 un nus a la gola\u2019. S\u00edlvia, com sempre, tenies tota la ra\u00f3. Sort en tinc dels teus consells. &nbsp;<\/em><\/p>\n\n\n\n<p><em>Vaig arribar a la ciutat per casualitat, quan a la Universitat on jo estudiava periodisme, dos companys em van dir que feien pr\u00e0ctiques a la secci\u00f3 d\u2019esports de R\u00e0dio Ciutat de Badalona. Quan la r\u00e0dio encara estava aqu\u00ed, al carrer de Mar, on aleshores hi havia el cinema Verbena. Per\u00f2 ara hi haaaaaa b\u00e9, ara ja no sabem qu\u00e8 hi ha. Muy mucho?? Com em va agradar molt i molt Badalona vaig quedar-me aqu\u00ed&#8230;.. &nbsp;<\/em><\/p>\n\n\n\n<p><em>Aqu\u00ed a la r\u00e0dio em van dir: has de con\u00e8ixer al Joan Cuixart i segur que et fa un lloc per poder treballar els caps de setmana. Dic el seu nom perqu\u00e8 el Joan va ser qui em va donar un espai en l\u2019\u00e0mbit professional que em va canviar la vida, i la seva fam\u00edlia me la va salvar. No entrar\u00e9 en molts m\u00e9s detalls per\u00f2 gr\u00e0cies Joan, all\u00e0 on siguis, i gr\u00e0cies a la seva fam\u00edlia si avui sou aqu\u00ed veient-me. &nbsp;<\/em><\/p>\n\n\n\n<p><em>I per l\u2019amor a la r\u00e0dio i a la ciutat vam decidir venir a viure aqu\u00ed amb el meu marit. Vam estar uns anys al barri del Sant Crist, un pis molt cuqui que compensava les rampes del barri. M\u00e9s tard vaig canviar el piset per un de m\u00e9s gran al Gorg, on encara hi soc i no tinc cap intenci\u00f3 de moure\u2019m. &nbsp;<\/em><\/p>\n\n\n\n<p><em>Aqu\u00ed vaig estar molts anys treballant a R\u00e0dio Ciutat, per\u00f2 tamb\u00e9 una \u00e8poca vaig treballar al departament de premsa de l\u2019Ajuntament. Recordo amb molt carinyo a la Maite Arqu\u00e9 i, sobretot, m\u2019ho va posar molt f\u00e0cil i la recordo com un referent pel que fa a la pol\u00edtica de proximitat. &nbsp;<\/em><\/p>\n\n\n\n<p><em>Els amics m\u00e9s \u2018btv\u2019s es van encarregar d\u2019integrar-me perfectament a la ciutat. A veure, saps que \u00e9s un Micaco? I un badiu? A mi tot em sonava a \u2018xino\u2019. Doncs espavila, em deien. I aix\u00ed \u00e9s com vaig aprendre la llengua badalonina i ja controlo i tinc integrades paraules com tornemi, piseria, la tusa, esmoixinada, la fira de l\u2019arrop i tantes altres. Perqu\u00e8 jo estiuejo a Port de la Selva per\u00f2 l\u2019\u00fanic lloc on agafeu el TRENC i aneu a MARC o al&nbsp; COL\u00b7LEGIT \u00e9s aqu\u00ed. I el concepte btv m\u2019ha acompanyat des que vaig arribar fa m\u00e9s de 25 anys. Ara sempre dic que els meus fills s\u00f3n btvs i, per tant, ja computa perqu\u00e8 jo ho sigui. Fixeu-vos si em computa el t\u00edtol que em vaig casar un 10 de maig! El dia de la Cremada del Dimoni! I tots els badalonins convidats a la festa&#8230;en Xavi Ballesteros, la N\u00faria Coll, la Marta S\u00e1nchez, en Jordi Coloma i en Ramon Duran es van emprenyar amb mi perqu\u00e8 es perdien l\u2019acte central de les Festes de Maig. Per\u00f2 no patiu que no me l\u2019he perdut mai m\u00e9s i aquest any encara menys.&nbsp;<\/em><\/p>\n\n\n\n<p><em>La meva etapa a R\u00e0dio Ciutat de Badalona va ser determinant per despertar en mi l\u2019amor m\u00e9s absolut cap a la Penya. Sembla que tots els astres s\u2019hagin alineat perqu\u00e8 aquest any, justament, el mocador de les festes d\u2019enguany sigui verd-i-negre. Ara, el b\u00e0squet continua molt present a la meva vida perqu\u00e8 els meus fills hi juguen, quina ll\u00e0stima que tot i ser el bressol del b\u00e0squet, no puguem presumir de tenir les millors instal\u00b7lacions per al nostre planter (guanyi qui guanyi&#8230;. poseu-vos les piles, que ens cau tot a trossos.) \u00a0<\/em><\/p>\n\n\n\n<div><a href=\"https:\/\/areabadalona.com\/diario\/wp-content\/uploads\/2023\/05\/Prego-II-1024x683.jpg\" class=\"td-modal-image\"><figure class=\"wp-block-image size-large\"><img loading=\"lazy\" decoding=\"async\" width=\"1024\" height=\"683\" src=\"https:\/\/areabadalona.com\/diario\/wp-content\/uploads\/2023\/05\/Prego-II-1024x683.jpg\" alt=\"\" class=\"wp-image-5270\" srcset=\"https:\/\/areabadalona.com\/diario\/wp-content\/uploads\/2023\/05\/Prego-II-1024x683.jpg 1024w, https:\/\/areabadalona.com\/diario\/wp-content\/uploads\/2023\/05\/Prego-II-300x200.jpg 300w, https:\/\/areabadalona.com\/diario\/wp-content\/uploads\/2023\/05\/Prego-II-768x512.jpg 768w, https:\/\/areabadalona.com\/diario\/wp-content\/uploads\/2023\/05\/Prego-II-150x100.jpg 150w, https:\/\/areabadalona.com\/diario\/wp-content\/uploads\/2023\/05\/Prego-II-696x464.jpg 696w, https:\/\/areabadalona.com\/diario\/wp-content\/uploads\/2023\/05\/Prego-II-1068x712.jpg 1068w, https:\/\/areabadalona.com\/diario\/wp-content\/uploads\/2023\/05\/Prego-II.jpg 1200w\" sizes=\"auto, (max-width: 1024px) 100vw, 1024px\" \/><\/figure><\/a><\/div>\n\n\n\n<p><em>Era periodista d\u2019esports, no com ara! I durant molt de temps ens vam fer un fart de parlar de la fusi\u00f3 del Badalona amb el Badalon\u00ed i vaig sentir tantes vegades que es construiria un gran camp de futbol que creia que aix\u00f2 mai arribaria. Han passat molts anys i continua molt viu en mi el record del camp a l\u2019avinguda de Navarra. Tot i que el 2017 l\u2019estadi del Badalona va ser realitat. &nbsp;<\/em><\/p>\n\n\n\n<p><em>Per cert que no nom\u00e9s de b\u00e0squet i futbol vull parlar. Aquest cap de setmana l\u2019hem passat a Blanes on es disputava el Campionat d\u2019Espanya de Fit Kid. Ens hem fet un fart de guanyar t\u00edtols aix\u00ed que enhorabona a tots els qui heu participat, inclosa la meva filla, de qui em cau la baba veient-la fer acrob\u00e0cies amb les seves companyes. \u00c9s flipant el nivell que tenim a Badalona en aquest esport. &nbsp;<\/em><\/p>\n\n\n\n<p><em>De la meva vida a la ciutat nom\u00e9s una cosa no era nova. Trepitjar de tant en tant el Titus i fotre\u2019m una bona festa. Amb la gent de la r\u00e0dio hi an\u00e0vem sovint per\u00f2 jo, ja de molt jove, hi havia estat quan la discoteca estava arran de platja. Que ja hagu\u00e9s estat al Titus de la platja em va comen\u00e7ar a computar com a btv amb la gent de la ciutat que hi parlava. Com si haver passat dep\u00e8n de quines experi\u00e8ncies fos un plus. I jo contenta perqu\u00e8, per damunt de tot, Badalona ja era casa meva. &nbsp;<\/em><\/p>\n\n\n\n<p><em>R\u00e0dio Ciutat va viure l\u2019\u00e8poca plet\u00f2rica de la comunicaci\u00f3 local. All\u00e0 vaig coincidir amb la Txell Ortiz, per exemple que amb els anys ens hem retrobat i no ens saltem de tant en tant un bon esmorzar al T\u00e0pia. A R\u00e0dio Ciutat ens vam fer grans i vam anar a treballar a un edifici espectacular de la Morera, on encara hi s\u00f3n. Hi vaig passar uns anys espectaculars i hi torno sempre que m\u2019ho demanen. All\u00e0 hi vaig fer amics i enemics per\u00f2 avui si soc aqu\u00ed \u00e9s perqu\u00e8 els que queden s\u00f3n els amics. &nbsp;<\/em><\/p>\n\n\n\n<p><em>Professionalment, vaig fer un canvi fa uns anys i vaig passar a fer premsa del cor, que \u00e9s el que jo sempre havia volgut fer. Deixo Badalona com a lloc de treball i ja sabeu, entre Rac1 i Tv3, de tant en tant m\u2019escapo a Madrid a un programa que es diu S\u00e1lvame. A tot arreu on vaig i on treballo sempre soc \u2018la periodista badalonina\u2019. Vull pensar que \u00e9s perqu\u00e8 sempre he portat el nom de Badalona a tot arreu. Sempre he explicat com m\u2019agrada sortir a c\u00f3rrer per la platja fins a Montgat passant per l\u2019An\u00eds del Mono amb aquella olor de matafaluga, anar a fer un gelat ben casol\u00e0, un vermut amb unes bones Coromines, berenar uns xurros amb xocolata al passeig de la Salut, o un bon pop amb allioli que ressuscita un mort, com m\u2019agrada fer una cerveseta a la Rambla, com gaudeixo d\u2019una bona paella arran de mar i com soc de feli\u00e7 quan ja posen les guinguetes i fa olor d\u2019estiu. Sempre explico la hist\u00f2ria del senyor que va arreglar ell solet i va aconseguir que el pont del Petroli sigui el que \u00e9s ara&#8230; b\u00e9, el que \u00e9s ara no&#8230;. (poseu-vos les piles tamb\u00e9). Un pensament per a en Josep Valls i les seves galetes de cavallet de mar. M\u2019agrada de cam\u00ed a casa parar al mercat Torner a comprar quatre cigrons i una mica de peix. I aquests dies, m\u2019agrada dir que tenim una ciutat amb dones feministes que si veuen un br\u00e8tol a l\u2019autob\u00fas tenen els nassos d\u2019encarar-s\u2019hi i fer-lo baixar. Siguem una ciutat referent en la defensa dels drets de les dones i que agressions com les del M\u00e0gic no tornin a passar. Totes i tots hi tenim una feina a fer. Tinc una filla d\u201911 anys i vull una Badalona lliure de masclisme per a ella i per totes les dones de la ciutat, que totes puguem anar tranquil\u00b7les pel carrer. &nbsp;<\/em><\/p>\n\n\n\n<p><em>Amb tota aquesta hist\u00f2ria, que avui pugui ser jo qui fa aquest preg\u00f3 i inaugurar les Festes de Maig, nom\u00e9s puc donar les gr\u00e0cies a qui li va passar pel cap aquesta idea tan boja i a tots els que m\u2019heu acompanyat avui aqu\u00ed. Moltes gr\u00e0cies a tots. Visca Badalona i visca les Festes de Maig.&nbsp;<\/em><\/p>\n\n\n\n<p><strong>Concert de Les Que Faltaband i Nit del Mono&nbsp;<\/strong><\/p>\n\n\n\n<p>Despr\u00e9s del Preg\u00f3, a les 20 hores, tamb\u00e9 a la pla\u00e7a de la Vila, la m\u00fasica ha pres el protagonisme amb <strong>Les Que Faltaband<\/strong>, la jove banda de versions formada per vuit noies, oferiran un espectacle potent i reivindicatiu amb una posada en escena que combina la m\u00fasica, la dansa i altres elements art\u00edstics. La banda presenta un repertori \u00edntegrament femen\u00ed, que demostra que les dones tamb\u00e9 fan m\u00fasica festiva, des de ritmes llatins i pop-rock dels vuitanta, fins als hits m\u00e9s actuals.&nbsp;<\/p>\n\n\n\n<p>A les 21.30 hores, organitzada per la Comissi\u00f3 de Festes, t\u00e9 lloc la <strong>Nit del Mono<\/strong>. A partir de la figura del capgr\u00f2s del mono, es fa un recorregut des de la pla\u00e7a de la Vila pels carrers de Baix a Mar, amb m\u00fasica de gralles i txaranga, que finalitza davant de la figura del Dimoni al passeig Mar\u00edtim i en acabar ha tingut lloc un concert de discj\u00f2quei a la platja.&nbsp;<\/p>\n\n\n\n<p>El programa \u00edntegre de les Festes de Maig 2023 es pot consultar a la <a href=\"http:\/\/badalona.cat\/portalWeb\/getfile?dID=127255&amp;rendition=web\">p\u00e0gina web de l\u2019Ajuntament<\/a> i a l\u2019<a href=\"https:\/\/agendacultural.badalona.cat\/\">Agenda Cultural de Badalona<\/a>. &nbsp;<\/p>\n\n\n\n<p>Per seguir la informaci\u00f3 actualitzada del programa i els possibles canvis a causa de les situacions meteorol\u00f2giques adverses podeu consultar els perfils d\u2019<a href=\"https:\/\/www.instagram.com\/festesdemaig\/\">Instagram<\/a>, <a href=\"https:\/\/www.facebook.com\/festesdemaigbdn\">Facebook<\/a> i <a href=\"https:\/\/twitter.com\/festesdemaig\">Twitter<\/a> de les Festes de Maig (@festesdemaig).&nbsp; &nbsp;<\/p>\n","protected":false},"excerpt":{"rendered":"<p>La periodista Laura Fa ha estat l\u2019encarregada de pronunciar el preg\u00f3 des del balc\u00f3 de la Casa de la Vila de les Festes de Maig de Badalona 2023. La popular i televisiva periodista ha estat acompanyada d\u2019una int\u00e8rpret de llenguatge de signes que ha ajudat les persones amb discapacitat auditiva a seguir el preg\u00f3, que [&hellip;]<\/p>\n","protected":false},"author":2,"featured_media":5271,"comment_status":"open","ping_status":"open","sticky":false,"template":"","format":"standard","meta":{"footnotes":""},"categories":[23],"tags":[],"class_list":{"0":"post-5269","1":"post","2":"type-post","3":"status-publish","4":"format-standard","5":"has-post-thumbnail","7":"category-actualitat"},"_links":{"self":[{"href":"https:\/\/areabadalona.com\/diario\/wp-json\/wp\/v2\/posts\/5269","targetHints":{"allow":["GET"]}}],"collection":[{"href":"https:\/\/areabadalona.com\/diario\/wp-json\/wp\/v2\/posts"}],"about":[{"href":"https:\/\/areabadalona.com\/diario\/wp-json\/wp\/v2\/types\/post"}],"author":[{"embeddable":true,"href":"https:\/\/areabadalona.com\/diario\/wp-json\/wp\/v2\/users\/2"}],"replies":[{"embeddable":true,"href":"https:\/\/areabadalona.com\/diario\/wp-json\/wp\/v2\/comments?post=5269"}],"version-history":[{"count":1,"href":"https:\/\/areabadalona.com\/diario\/wp-json\/wp\/v2\/posts\/5269\/revisions"}],"predecessor-version":[{"id":5272,"href":"https:\/\/areabadalona.com\/diario\/wp-json\/wp\/v2\/posts\/5269\/revisions\/5272"}],"wp:featuredmedia":[{"embeddable":true,"href":"https:\/\/areabadalona.com\/diario\/wp-json\/wp\/v2\/media\/5271"}],"wp:attachment":[{"href":"https:\/\/areabadalona.com\/diario\/wp-json\/wp\/v2\/media?parent=5269"}],"wp:term":[{"taxonomy":"category","embeddable":true,"href":"https:\/\/areabadalona.com\/diario\/wp-json\/wp\/v2\/categories?post=5269"},{"taxonomy":"post_tag","embeddable":true,"href":"https:\/\/areabadalona.com\/diario\/wp-json\/wp\/v2\/tags?post=5269"}],"curies":[{"name":"wp","href":"https:\/\/api.w.org\/{rel}","templated":true}]}}