{"id":5266,"date":"2023-05-08T08:30:04","date_gmt":"2023-05-08T08:30:04","guid":{"rendered":"https:\/\/areabadalona.com\/diario\/?p=5266"},"modified":"2023-05-11T07:35:56","modified_gmt":"2023-05-11T07:35:56","slug":"patinada-popular-nocturna-pel-front-maritim-de-badalona","status":"publish","type":"post","link":"https:\/\/areabadalona.com\/diario\/2023\/05\/08\/patinada-popular-nocturna-pel-front-maritim-de-badalona\/","title":{"rendered":"Canvi de data de la Patinada popular nocturna pel front Mar\u00edtim de Badalona\u00a0"},"content":{"rendered":"\n<p>L\u2019activitat<strong> Badalona sobre rodes,<\/strong> <strong>1a sortida amb patins per la fa\u00e7ana mar\u00edtima<\/strong>, que estava prevista per aquest dijous, festivitat de Sant Anastasi, canvia de data i trasllada la seva celebraci\u00f3 per al <strong>pr\u00f2xim dijous 18 de maig<\/strong>.&nbsp;<\/p>\n\n\n\n<p>L\u2019Ajuntament de Badalona, a trav\u00e9s del Servei d\u2019Esports, ha pres aquesta decisi\u00f3 davant el risc de pluja. La trobada popular per a patinadores i patinadors mant\u00e9 l\u2019horari, les 20 hores, i la platja dels Pescadors com a punt de trobada, on tamb\u00e9 hi haur\u00e0 diverses activitats. La sortida es donar\u00e0 a les 20.30 hores i el recorregut arribar\u00e0 fins a l\u2019edifici de Capitania del port de Badalona, des d\u2019on es tornar\u00e0 fins al punt de sortida. &nbsp;<\/p>\n","protected":false},"excerpt":{"rendered":"<p>L\u2019activitat Badalona sobre rodes, 1a sortida amb patins per la fa\u00e7ana mar\u00edtima, que estava prevista per aquest dijous, festivitat de Sant Anastasi, canvia de data i trasllada la seva celebraci\u00f3 per al pr\u00f2xim dijous 18 de maig.&nbsp; L\u2019Ajuntament de Badalona, a trav\u00e9s del Servei d\u2019Esports, ha pres aquesta decisi\u00f3 davant el risc de pluja. La [&hellip;]<\/p>\n","protected":false},"author":1,"featured_media":5267,"comment_status":"open","ping_status":"open","sticky":false,"template":"","format":"standard","meta":{"footnotes":""},"categories":[23,26],"tags":[],"class_list":{"0":"post-5266","1":"post","2":"type-post","3":"status-publish","4":"format-standard","5":"has-post-thumbnail","7":"category-actualitat","8":"category-esports"},"_links":{"self":[{"href":"https:\/\/areabadalona.com\/diario\/wp-json\/wp\/v2\/posts\/5266","targetHints":{"allow":["GET"]}}],"collection":[{"href":"https:\/\/areabadalona.com\/diario\/wp-json\/wp\/v2\/posts"}],"about":[{"href":"https:\/\/areabadalona.com\/diario\/wp-json\/wp\/v2\/types\/post"}],"author":[{"embeddable":true,"href":"https:\/\/areabadalona.com\/diario\/wp-json\/wp\/v2\/users\/1"}],"replies":[{"embeddable":true,"href":"https:\/\/areabadalona.com\/diario\/wp-json\/wp\/v2\/comments?post=5266"}],"version-history":[{"count":2,"href":"https:\/\/areabadalona.com\/diario\/wp-json\/wp\/v2\/posts\/5266\/revisions"}],"predecessor-version":[{"id":5289,"href":"https:\/\/areabadalona.com\/diario\/wp-json\/wp\/v2\/posts\/5266\/revisions\/5289"}],"wp:featuredmedia":[{"embeddable":true,"href":"https:\/\/areabadalona.com\/diario\/wp-json\/wp\/v2\/media\/5267"}],"wp:attachment":[{"href":"https:\/\/areabadalona.com\/diario\/wp-json\/wp\/v2\/media?parent=5266"}],"wp:term":[{"taxonomy":"category","embeddable":true,"href":"https:\/\/areabadalona.com\/diario\/wp-json\/wp\/v2\/categories?post=5266"},{"taxonomy":"post_tag","embeddable":true,"href":"https:\/\/areabadalona.com\/diario\/wp-json\/wp\/v2\/tags?post=5266"}],"curies":[{"name":"wp","href":"https:\/\/api.w.org\/{rel}","templated":true}]}}