{"id":5256,"date":"2023-05-04T11:21:34","date_gmt":"2023-05-04T11:21:34","guid":{"rendered":"https:\/\/areabadalona.com\/diario\/?p=5256"},"modified":"2023-05-04T11:21:35","modified_gmt":"2023-05-04T11:21:35","slug":"el-prego-de-la-periodista-laura-fa-inicia-aquest-divendres-les-festes-de-maig","status":"publish","type":"post","link":"https:\/\/areabadalona.com\/diario\/2023\/05\/04\/el-prego-de-la-periodista-laura-fa-inicia-aquest-divendres-les-festes-de-maig\/","title":{"rendered":"El preg\u00f3 de la periodista Laura Fa inicia aquest divendres les Festes de Maig\u00a0"},"content":{"rendered":"\n<p>Aquest divendres 5 de maig, a les 19 hores, la periodista badalonina Laura Fa pronunciar\u00e0 el preg\u00f3 des del balc\u00f3 de la Casa de la Vila que donar\u00e0 inici formal a les Festes de Maig de Badalona. Una int\u00e8rpret de llenguatge de signes ajudar\u00e0 les persones amb discapacitat auditiva a seguir el preg\u00f3. Tamb\u00e9 hi haur\u00e0 un programa especial en directe a R\u00e0dio Ciutat de Badalona, des de la pla\u00e7a de la Vila, de 18 a 19.30 hores, i a Televisi\u00f3 de Badalona, de 19 a 19.30 hores, i tamb\u00e9 es podr\u00e0 veure en \u201cstreaming\u201d a trav\u00e9s de <a href=\"https:\/\/www.bdncom.cat\/\">bdncom.cat<\/a>. &nbsp;<\/p>\n\n\n\n<p>Laura Fa \u00e9s llicenciada en Hist\u00f2ria i Periodisme i va comen\u00e7ar la seva traject\u00f2ria professional a R\u00e0dio Ciutat de Badalona. Actualment, \u00e9s un dels rostres m\u00e9s coneguts per les seves aparicions als mitjans de comunicaci\u00f3, i especialment a programes televisius de gran audi\u00e8ncia com S\u00e1lvame, com a especialista de l\u2019anomenada \u201cpremsa del cor\u201d, la seva gran passi\u00f3 professional. La periodista, que sovint assenyala que no es veu vivint a cap altre lloc que no sigui Badalona, ha col\u00b7laborat en espais de TVE o TV3 i anteriorment ho havia fet a programes tan populars com l\u2019Aruscity de 8TV.&nbsp;<\/p>\n\n\n\n<p><strong>Inici de les Festes&nbsp;<\/strong><\/p>\n\n\n\n<p>La pla\u00e7a de la Vila torna a ser l\u2019epicentre de l\u2019inici oficial dels actes de les Festes de Maig. A les 19 hores tindr\u00e0 lloc el <strong>Toc d\u2019Inici<\/strong> on s\u2019avisa a la ciutadania que les festes estan a punt de comen\u00e7ar. Despr\u00e9s del <strong>Preg\u00f3 <\/strong>pronunciat des del balc\u00f3 de la Casa de la Vila, tindr\u00e0 lloc a la pla\u00e7a el <strong>Ball de l\u2019\u00c0liga<\/strong>; els <strong>Onze Trons de Sant Anastasi<\/strong>; el <strong>Ball dels Miquelets<\/strong>; el seguici festiu, que pujar\u00e0 pel carrer de Sant Anastasi fins a arribar a la capella del sant. All\u00e0 l\u2019enxaneta dels Castellers de Badalona posar\u00e0 al sant el tradicional mocador que abans haur\u00e0 ofert l\u2019alcalde de Badalona. Despr\u00e9s el Seguici tornar\u00e0 a la pla\u00e7a de la Vila per acabar, aquests primers actes, amb les <strong>Danses de Maig<\/strong>, a c\u00e0rrec de <strong>l\u2019Esbart de Sant Jordi<\/strong>.&nbsp;<\/p>\n\n\n\n<p>Despr\u00e9s del Preg\u00f3, a les 20 hores, tamb\u00e9 a la pla\u00e7a de la Vila, la m\u00fasica ser\u00e0 protagonista amb <strong>Les Que Faltaband<\/strong>, la jove banda de versions formada per vuit noies, oferiran un espectacle potent i reivindicatiu amb una posada en escena que combina la m\u00fasica, la dansa i altres elements art\u00edstics. La banda ens presenta un repertori \u00edntegrament femen\u00ed, que demostra que les dones tamb\u00e9 fan m\u00fasica festiva, des de ritmes llatins i pop-rock dels vuitanta, fins als hits m\u00e9s actuals.&nbsp;<\/p>\n\n\n\n<p>A les 21.30 hores, organitzada per la Comissi\u00f3 de Festes, comen\u00e7ar\u00e0 la <strong>Nit del Mono<\/strong>. A partir de la figura del capgr\u00f2s del mono, tindr\u00e0 lloc un recorregut des de la pla\u00e7a de la Vila pels carrers de Baix a Mar, amb m\u00fasica de gralles i txaranga, que finalitzar\u00e0 davant de la figura del Dimoni al passeig Mar\u00edtim i en acabar tindr\u00e0 lloc un concert de discj\u00f2quei a la platja.&nbsp;<\/p>\n\n\n\n<p><strong>Cercavila petita&nbsp;<\/strong><\/p>\n\n\n\n<p>Tamb\u00e9 dissabte, a partir de les 11 hores, al passeig de la Rambla comen\u00e7ar\u00e0 la Cercavila petita. En arribar a la pla\u00e7a de la Vila, cap a les 12 del migdia, totes les colles participants faran una tanda de llu\u00efment al centre de la pla\u00e7a, finalitzant l\u2019acte amb una gran batucada a c\u00e0rrec de <strong>Badalona Batec.&nbsp;<\/strong><\/p>\n\n\n\n<p><strong>Batocona&nbsp;<\/strong><\/p>\n\n\n\n<p>A les 18.30 hores, a la pla\u00e7a de Pompeu Fabra, tindr\u00e0 lloc la <strong>Batocona<\/strong>, una cercavila de grups de percussi\u00f3 locals i convidats d\u2019arreu de Catalunya. Recorregut: Carrers de Francesc Layret, de Mar, del Canonge Baranera, de Sant Francesc d\u2019Ass\u00eds, de Sant Pere, de Mar i passeig de la Rambla. A c\u00e0rrec de <strong>Bufons del Toc.<\/strong>&nbsp;<\/p>\n\n\n\n<p><strong>Trobada de puntaires &nbsp;<\/strong><\/p>\n\n\n\n<p>Dissabte 6 de maig, a partir de les 10 hores, al passeig de la Rambla, se celebrar\u00e0 la <strong>Trobada de puntaires<\/strong>, i des de les 11 fins a les 14 hores es podr\u00e0 visitar, a l\u2019Escola del Mar, l\u2019exposici\u00f3 <strong>\u201cBadalona un mar de puntes\u201d<\/strong>.&nbsp;<\/p>\n\n\n\n<p><strong>De Pamplona a Badalona&nbsp;<\/strong><\/p>\n\n\n\n<p>Badalona ser\u00e0 l\u2019escenari el dissabte 6 de maig d\u2019una tarda especial perqu\u00e8 comptar\u00e0 amb la participaci\u00f3 de la <strong>Comparsa de Gigantes y Cabezudos de Pamplona<\/strong> que visiten la ciutat amb motiu del 165\u00e8 aniversari dels gegants Anastasi i Maria de Badalona. A les 16.30 hores tindr\u00e0 lloc la rebuda a la pla\u00e7a de Pompeu Fabra, des d\u2019on faran cap a la pla\u00e7a de la Vila. A les 17 hores, mentre al Sal\u00f3 de Plens t\u00e9 lloc la recepci\u00f3 institucional, s\u2019exposaran les figures a la pla\u00e7a de la Vila. A les 17.30 hores, Cercavila fins al passeig de la Rambla on tindran lloc Balls de Tarda.&nbsp;<\/p>\n\n\n\n<p>A la nit (21.30 hores), tindr\u00e0 lloc una gran Cercavila amb els gegants amfitrions i els convidats que es dirigir\u00e0 des del teatre Margarida Xirgu fins a la pla\u00e7a de la Plana, passant pel carrer de Mar, de la Pietat, passatge de Maignon, avinguda de Mart\u00ed Pujol i carrer dels Arbres, fins a la pla\u00e7a de la Plana, amb l\u2019espectacle de balls de gegants \u201cVa d\u2019aqu\u00ed i va d\u2019all\u00e0\u201d, un acte presentat per l\u2019actriu badalonina <strong>Rosa G\u00e0miz<\/strong> i la cantant i tamb\u00e9 actriu <strong>Mone Teruel<\/strong>, que repassaran all\u00f2 que ens emociona i que, sens dubte, unir\u00e0 per sempre els gegants de Pamplona i els de Badalona.&nbsp;<\/p>\n\n\n\n<p><strong>Art Arn\u00fas&nbsp;<\/strong><\/p>\n\n\n\n<p>El dissabte 6 de maig al parc de Can Solei i Ca l\u2019Arn\u00fas es presenta per a tots els p\u00fablics una acurada selecci\u00f3 de les novetats musicals badalonines i destacades propostes nacionals en plena ebullici\u00f3 creativa amb la <strong>Big Band de l\u2019Escola de M\u00fasica de Badalona<\/strong> (EMMB), <strong>Galeria<\/strong> i <strong>Pau Vallv\u00e9<\/strong>.&nbsp;<\/p>\n\n\n\n<p>El diumenge 7 de maig, la proposta es completa amb <strong>Maria Jaume<\/strong>, un dels talents emergents clau en l\u2019escena musical recent i <strong>Marcel i J\u00falia<\/strong>, que reuneix l\u2019antic cantant i compositor de Txarango, <strong>Marcel L\u00e1zara<\/strong> (Tito) i <strong>J\u00falia Arrey<\/strong>.&nbsp;<\/p>\n\n\n\n<p><strong>Festa del Badiu.<\/strong> Diumenge 7 de maig. A partir de les 10 h, al Parc de Can Solei i de Ca l\u2019Arn\u00fas.&nbsp;<\/p>\n\n\n\n<p><strong>Fira de Sant Roc d\u2019Artesania i Mostra d\u2019Entitats.<\/strong> Diumenge, 7 de maig. A partir de les 10 hores a la pla\u00e7a Roja.&nbsp;<\/p>\n\n\n\n<p><strong>Miquelets de Badalona, passejant per la hist\u00f2ria!<\/strong> Diumenge 7 de maig. Representaci\u00f3 del ball parlat, fent un rep\u00e0s a la hist\u00f2ria dels Miquelets i els seus precursors. I per acabar, galejada est\u00e0tica amb les colles convidades. A partir de les 12 hores a la pla\u00e7a de Pompeu Fabra.&nbsp;<\/p>\n\n\n\n<p><strong>MVP Music Days Badalona&nbsp;<\/strong><\/p>\n\n\n\n<p>Per primera vegada arriba a la ciutat el MVP Music Days Badalona! Quatre dies plens de m\u00fasica que inclouran diferents estils musicals i que faran ballar i gaudir d\u2019una experi\u00e8ncia musical \u00fanica. Del 4 al 7 de maig al Palau Municipal d\u2019Esports de Badalona.&nbsp;<\/p>\n\n\n\n<p>Dijous 4 de maig: Justin Quiles, Saiko, Jeipy i DJ Cosmik&nbsp;<\/p>\n\n\n\n<p>Divendres 5 de maig: Andy y Lucas, David Demaria i Los Rebujitos&nbsp;<\/p>\n\n\n\n<p>Diumenge 7 de maig: D\u00e0maris Gelabert&nbsp;<\/p>\n\n\n\n<p>Venda d\u2019entrades a: <a href=\"https:\/\/mvpmusicdays.com\/ca\/\">https:\/\/mvpmusicdays.com\/ca\/<\/a> &nbsp;<\/p>\n\n\n\n<p>M\u00e9s informaci\u00f3 sobre la programaci\u00f3 de les Festes de Maig:&nbsp;<\/p>\n\n\n\n<p><a href=\"https:\/\/agendacultural.badalona.cat\/\">https:\/\/agendacultural.badalona.cat\/<\/a><\/p>\n\n\n\n<figure class=\"wp-block-embed is-type-wp-embed is-provider-festes-de-maig-2023 wp-block-embed-festes-de-maig-2023\"><div class=\"wp-block-embed__wrapper\">\n<blockquote class=\"wp-embedded-content\" data-secret=\"qYVFJBENr0\"><a href=\"https:\/\/festesdemaig.cat\/\">Inici<\/a><\/blockquote><iframe loading=\"lazy\" class=\"wp-embedded-content\" sandbox=\"allow-scripts\" security=\"restricted\" style=\"position: absolute; clip: rect(1px, 1px, 1px, 1px);\" title=\"&#8220;Inici&#8221; &#8212; Festes de Maig 2023\" src=\"https:\/\/festesdemaig.cat\/embed\/#?secret=qYVFJBENr0\" data-secret=\"qYVFJBENr0\" width=\"600\" height=\"338\" frameborder=\"0\" marginwidth=\"0\" marginheight=\"0\" scrolling=\"no\"><\/iframe>\n<\/div><\/figure>\n","protected":false},"excerpt":{"rendered":"<p>Aquest divendres 5 de maig, a les 19 hores, la periodista badalonina Laura Fa pronunciar\u00e0 el preg\u00f3 des del balc\u00f3 de la Casa de la Vila que donar\u00e0 inici formal a les Festes de Maig de Badalona. Una int\u00e8rpret de llenguatge de signes ajudar\u00e0 les persones amb discapacitat auditiva a seguir el preg\u00f3. Tamb\u00e9 hi [&hellip;]<\/p>\n","protected":false},"author":1,"featured_media":4973,"comment_status":"open","ping_status":"open","sticky":false,"template":"","format":"standard","meta":{"footnotes":""},"categories":[23,25],"tags":[],"class_list":{"0":"post-5256","1":"post","2":"type-post","3":"status-publish","4":"format-standard","5":"has-post-thumbnail","7":"category-actualitat","8":"category-cultura"},"_links":{"self":[{"href":"https:\/\/areabadalona.com\/diario\/wp-json\/wp\/v2\/posts\/5256","targetHints":{"allow":["GET"]}}],"collection":[{"href":"https:\/\/areabadalona.com\/diario\/wp-json\/wp\/v2\/posts"}],"about":[{"href":"https:\/\/areabadalona.com\/diario\/wp-json\/wp\/v2\/types\/post"}],"author":[{"embeddable":true,"href":"https:\/\/areabadalona.com\/diario\/wp-json\/wp\/v2\/users\/1"}],"replies":[{"embeddable":true,"href":"https:\/\/areabadalona.com\/diario\/wp-json\/wp\/v2\/comments?post=5256"}],"version-history":[{"count":1,"href":"https:\/\/areabadalona.com\/diario\/wp-json\/wp\/v2\/posts\/5256\/revisions"}],"predecessor-version":[{"id":5257,"href":"https:\/\/areabadalona.com\/diario\/wp-json\/wp\/v2\/posts\/5256\/revisions\/5257"}],"wp:featuredmedia":[{"embeddable":true,"href":"https:\/\/areabadalona.com\/diario\/wp-json\/wp\/v2\/media\/4973"}],"wp:attachment":[{"href":"https:\/\/areabadalona.com\/diario\/wp-json\/wp\/v2\/media?parent=5256"}],"wp:term":[{"taxonomy":"category","embeddable":true,"href":"https:\/\/areabadalona.com\/diario\/wp-json\/wp\/v2\/categories?post=5256"},{"taxonomy":"post_tag","embeddable":true,"href":"https:\/\/areabadalona.com\/diario\/wp-json\/wp\/v2\/tags?post=5256"}],"curies":[{"name":"wp","href":"https:\/\/api.w.org\/{rel}","templated":true}]}}