{"id":5253,"date":"2023-05-04T11:20:07","date_gmt":"2023-05-04T11:20:07","guid":{"rendered":"https:\/\/areabadalona.com\/diario\/?p=5253"},"modified":"2023-05-04T11:20:08","modified_gmt":"2023-05-04T11:20:08","slug":"es-posa-en-marxa-la-segona-edicio-de-la-campanya-a-badalona-som-bons","status":"publish","type":"post","link":"https:\/\/areabadalona.com\/diario\/2023\/05\/04\/es-posa-en-marxa-la-segona-edicio-de-la-campanya-a-badalona-som-bons\/","title":{"rendered":"Es posa en marxa la segona edici\u00f3 de la campanya \u201cA Badalona som Bons!\u201d\u00a0"},"content":{"rendered":"\n<p>L\u2019Ajuntament de Badalona i la Cambra territorial del Barcelon\u00e8s Nord posen en marxa des d\u2019aquest dimecres la segona edici\u00f3 de la campanya \u201cA Badalona som bons!\u201d amb un total de 91.000 bons que oferiran un descompte de 4 euros per cada 10 euros de compra en els establiments comercials adherits. L\u2019adquisici\u00f3 i desc\u00e0rrega dels vals de descompte, dirigida als ciutadans i ciutadanes majors de 18 anys, ja es pot fer efectiva des d\u2019avui mateix a trav\u00e9s de la plataforma <a>badalona.bonsconsum.cat<\/a>.&nbsp;<\/p>\n\n\n\n<p>Des d\u2019aquesta p\u00e0gina web, cada persona usu\u00e0ria tindr\u00e0 l\u2019oportunitat de descarregar un m\u00e0xim de 10 bons promocionals, els quals cadascun d\u2019ells aplicar\u00e0 un 40% de descompte per cada 10 euros de compra en les adquisicions realitzades als comer\u00e7os locals adherits a la campanya. Aix\u00ed, per cada badalon\u00ed que faci una compra per un valor final de 100 euros, se li descomptaran 40 euros d\u2019aquest import, pagant-ne nom\u00e9s els 60 restants.&nbsp;<\/p>\n\n\n\n<p>Cal recordar que, amb la voluntat d\u2019apropar la campanya a tot el conjunt de la ciutadania, l\u2019Ajuntament posar\u00e0 en marxa a partir de la pr\u00f2xima setmana un punt d\u2019atenci\u00f3 presencial a l\u2019Oficina de Turisme de Badalona per tal gestionar la desc\u00e0rrega i adquisici\u00f3 dels bons en persona.&nbsp;<\/p>\n\n\n\n<p><strong>La iniciativa habilita un onz\u00e8 bo de car\u00e0cter solidari i social&nbsp;<\/strong><\/p>\n\n\n\n<p>La campanya, que ja compta amb m\u00e9s de 130 establiments adherits, preveu una inversi\u00f3 total de 365.000 euros i estima generar un impacte de m\u00e9s de 900.000 euros en el teixit comercial badalon\u00ed. A m\u00e9s, per tal de fomentar el car\u00e0cter social del projecte, la campanya posar\u00e0 a disposici\u00f3 de tota la ciutadania que descarregui els 10 bons de comer\u00e7 la possibilitat de poder gaudir d\u2019un bo extra solidari per bescanviar en establiments d\u2019alimentaci\u00f3 que s\u2019adhereixin a l\u2019acci\u00f3 social del banc d\u2019aliments.&nbsp;<\/p>\n\n\n\n<p>El funcionament d\u2019aquest bo solidari ser\u00e0 id\u00e8ntic a l\u2019est\u00e0ndard, l\u2019usuari tindr\u00e0 la possibilitat d\u2019aportar volunt\u00e0riament 6 euros a la causa, mentre l\u2019Ajuntament atorgar\u00e0 els 4 euros restants. Aix\u00ed, els impulsors preveuen que s\u2019assoleixin m\u00e9s de 65.000 euros els quals es destinaran \u00edntegrament a comer\u00e7os que es vinculin en la iniciativa i contribueixin a l\u2019ajut dels ve\u00efns i ve\u00efnes de Badalona en situaci\u00f3 de vulnerabilitat.&nbsp;<\/p>\n","protected":false},"excerpt":{"rendered":"<p>L\u2019Ajuntament de Badalona i la Cambra territorial del Barcelon\u00e8s Nord posen en marxa des d\u2019aquest dimecres la segona edici\u00f3 de la campanya \u201cA Badalona som bons!\u201d amb un total de 91.000 bons que oferiran un descompte de 4 euros per cada 10 euros de compra en els establiments comercials adherits. L\u2019adquisici\u00f3 i desc\u00e0rrega dels vals [&hellip;]<\/p>\n","protected":false},"author":1,"featured_media":5254,"comment_status":"open","ping_status":"open","sticky":false,"template":"","format":"standard","meta":{"footnotes":""},"categories":[23],"tags":[],"class_list":{"0":"post-5253","1":"post","2":"type-post","3":"status-publish","4":"format-standard","5":"has-post-thumbnail","7":"category-actualitat"},"_links":{"self":[{"href":"https:\/\/areabadalona.com\/diario\/wp-json\/wp\/v2\/posts\/5253","targetHints":{"allow":["GET"]}}],"collection":[{"href":"https:\/\/areabadalona.com\/diario\/wp-json\/wp\/v2\/posts"}],"about":[{"href":"https:\/\/areabadalona.com\/diario\/wp-json\/wp\/v2\/types\/post"}],"author":[{"embeddable":true,"href":"https:\/\/areabadalona.com\/diario\/wp-json\/wp\/v2\/users\/1"}],"replies":[{"embeddable":true,"href":"https:\/\/areabadalona.com\/diario\/wp-json\/wp\/v2\/comments?post=5253"}],"version-history":[{"count":1,"href":"https:\/\/areabadalona.com\/diario\/wp-json\/wp\/v2\/posts\/5253\/revisions"}],"predecessor-version":[{"id":5255,"href":"https:\/\/areabadalona.com\/diario\/wp-json\/wp\/v2\/posts\/5253\/revisions\/5255"}],"wp:featuredmedia":[{"embeddable":true,"href":"https:\/\/areabadalona.com\/diario\/wp-json\/wp\/v2\/media\/5254"}],"wp:attachment":[{"href":"https:\/\/areabadalona.com\/diario\/wp-json\/wp\/v2\/media?parent=5253"}],"wp:term":[{"taxonomy":"category","embeddable":true,"href":"https:\/\/areabadalona.com\/diario\/wp-json\/wp\/v2\/categories?post=5253"},{"taxonomy":"post_tag","embeddable":true,"href":"https:\/\/areabadalona.com\/diario\/wp-json\/wp\/v2\/tags?post=5253"}],"curies":[{"name":"wp","href":"https:\/\/api.w.org\/{rel}","templated":true}]}}