{"id":5249,"date":"2023-05-03T15:04:04","date_gmt":"2023-05-03T15:04:04","guid":{"rendered":"https:\/\/areabadalona.com\/diario\/?p=5249"},"modified":"2023-05-03T15:04:05","modified_gmt":"2023-05-03T15:04:05","slug":"area-badalona-112-abril-2023","status":"publish","type":"post","link":"https:\/\/areabadalona.com\/diario\/2023\/05\/03\/area-badalona-112-abril-2023\/","title":{"rendered":"\u00c0rea Badalona 112 Abril 2023"},"content":{"rendered":"\n<p>En el n\u00famero d&#8217;abril de l&#8217;\u00c0rea Badalona donem rellev\u00e0ncia a les Festes de Maig, que arriben a la ciutat per omplir els carrers d&#8217;actes per a tots els p\u00fablics.<\/p>\n\n\n<a href=\"https:\/\/areabadalona.com\/diario\/wp-content\/uploads\/2023\/05\/AREABADALONA0112.pdf\" class=\"pdfemb-viewer\" style=\"\" data-width=\"max\" data-height=\"max\" data-toolbar=\"bottom\" data-toolbar-fixed=\"off\">AREABADALONA0112<\/a>\n<p class=\"wp-block-pdfemb-pdf-embedder-viewer\"><\/p>\n","protected":false},"excerpt":{"rendered":"<p>En el n\u00famero d&#8217;abril de l&#8217;\u00c0rea Badalona donem rellev\u00e0ncia a les Festes de Maig, que arriben a la ciutat per omplir els carrers d&#8217;actes per a tots els p\u00fablics.<\/p>\n","protected":false},"author":2,"featured_media":5251,"comment_status":"open","ping_status":"open","sticky":false,"template":"","format":"standard","meta":{"footnotes":""},"categories":[30],"tags":[],"class_list":{"0":"post-5249","1":"post","2":"type-post","3":"status-publish","4":"format-standard","5":"has-post-thumbnail","7":"category-edicio-impresa"},"_links":{"self":[{"href":"https:\/\/areabadalona.com\/diario\/wp-json\/wp\/v2\/posts\/5249","targetHints":{"allow":["GET"]}}],"collection":[{"href":"https:\/\/areabadalona.com\/diario\/wp-json\/wp\/v2\/posts"}],"about":[{"href":"https:\/\/areabadalona.com\/diario\/wp-json\/wp\/v2\/types\/post"}],"author":[{"embeddable":true,"href":"https:\/\/areabadalona.com\/diario\/wp-json\/wp\/v2\/users\/2"}],"replies":[{"embeddable":true,"href":"https:\/\/areabadalona.com\/diario\/wp-json\/wp\/v2\/comments?post=5249"}],"version-history":[{"count":1,"href":"https:\/\/areabadalona.com\/diario\/wp-json\/wp\/v2\/posts\/5249\/revisions"}],"predecessor-version":[{"id":5252,"href":"https:\/\/areabadalona.com\/diario\/wp-json\/wp\/v2\/posts\/5249\/revisions\/5252"}],"wp:featuredmedia":[{"embeddable":true,"href":"https:\/\/areabadalona.com\/diario\/wp-json\/wp\/v2\/media\/5251"}],"wp:attachment":[{"href":"https:\/\/areabadalona.com\/diario\/wp-json\/wp\/v2\/media?parent=5249"}],"wp:term":[{"taxonomy":"category","embeddable":true,"href":"https:\/\/areabadalona.com\/diario\/wp-json\/wp\/v2\/categories?post=5249"},{"taxonomy":"post_tag","embeddable":true,"href":"https:\/\/areabadalona.com\/diario\/wp-json\/wp\/v2\/tags?post=5249"}],"curies":[{"name":"wp","href":"https:\/\/api.w.org\/{rel}","templated":true}]}}