{"id":5243,"date":"2023-04-28T10:26:57","date_gmt":"2023-04-28T10:26:57","guid":{"rendered":"https:\/\/areabadalona.com\/diario\/?p=5243"},"modified":"2023-04-28T10:26:57","modified_gmt":"2023-04-28T10:26:57","slug":"quart-recompte-de-persones-sense-llar-a-badalona-el-30-de-maig-de-2023","status":"publish","type":"post","link":"https:\/\/areabadalona.com\/diario\/2023\/04\/28\/quart-recompte-de-persones-sense-llar-a-badalona-el-30-de-maig-de-2023\/","title":{"rendered":"Quart recompte de persones sense llar a Badalona, el 30 de maig de 2023\u00a0"},"content":{"rendered":"\n<p><strong>La Taula Sense Llar de Badalona<\/strong> -integrada per les entitats socials <a href=\"https:\/\/rocaipi.cat\/\">Fundaci\u00f3 Llegat Roca i Pi<\/a>, <a href=\"https:\/\/caritas.barcelona\/\">C\u00e0ritas Diocesana de Barcelona<\/a>, <a href=\"https:\/\/www.acollida.org\/\">Fundaci\u00f3 Acollida i Esperan\u00e7a<\/a>, <a href=\"https:\/\/www2.cruzroja.es\/\">Creu Roja del Barcelon\u00e8s Nord<\/a>, <a href=\"http:\/\/www.fundaciomambre.org\/\">Fundaci\u00f3 Mambr\u00e9<\/a>, <a href=\"https:\/\/www.sjdserveissocials-bcn.org\/\">Sant Joan de D\u00e9u Serveis Socials<\/a> i <a href=\"https:\/\/asaupam.info\/qui-som\/\">Asaupam<\/a>, i per l\u2019Ajuntament de Badalona, representat per l\u2019\u00e0rea de <a href=\"http:\/\/badalona.cat\/portalWeb\/badalona.portal%3F_nfpb%3Dtrue%26_pageLabel%3Dserveis_socials#wlp_serveis_socials\">Serveis Socials<\/a>&#8211; <strong>impulsa novament un recompte de persones sense llar<\/strong> a la ciutat la <strong>nit del 30 al 31 de maig<\/strong>.<\/p>\n\n\n\n<p>Aquest ser\u00e0 el quart recompte quantitatiu a la ciutat, <strong>ja que se\u2019n van fer el 2016, el 2018 i el 2021<\/strong>. De fet estava previst un recompte al 2020, per\u00f2 la pand\u00e8mia de la covid va impedir la seva realitzaci\u00f3.<\/p>\n\n\n\n<p>La <strong>Federaci\u00f3 d\u2019Associaci\u00f3 de Ve\u00efns de Badalona (FAVB)<\/strong>, com en anteriors recomptes, tamb\u00e9 col\u00b7labora en l\u2019organitzaci\u00f3 d\u2019aquesta activitat de sensibilitzaci\u00f3 ciutadana.<\/p>\n\n\n\n<p>El recompte es far\u00e0 de les <strong>00h a les 02h de la matinada<\/strong> -la nit del dimarts 30 a dimecres 31 de maig- gr\u00e0cies a la participaci\u00f3 de les persones volunt\u00e0ries. Fem una crida a apuntar-se com a voluntari\/a i afegir-se als equips que sortiran a comptar persones sense llar aquella nit.<\/p>\n\n\n\n<p>Aquest 2023, el centre d\u2019operacions del recompte tornar\u00e0 ser a la <strong>Masia de Can Ban\u00fas<\/strong>, de la Fundaci\u00f3 Acollida i Esperan\u00e7a, on es reuniran els voluntaris i volunt\u00e0ries a les 22:30h del 30 de maig per rebre les darreres indicacions i poder compartir una estona al jard\u00ed de la llar resid\u00e8ncia.<\/p>\n\n\n\n<p>El recompte \u00e9s un <strong>m\u00e8tode que ha estat validat arreu del m\u00f3n<\/strong> com a efectiu a l\u2019hora de <strong>dimensionar el fenomen de les persones sense llar<\/strong>. Per tal de <strong>poder incidir en el disseny de les pol\u00edtiques i actuacions dirigides a tractar el sensellarisme<\/strong>, \u00e9s necessari saber quantes persones viuen al carrer als nostres municipis, al nostre pa\u00eds. Sense aquesta xifra, el col\u00b7lectiu de persones sense llar roman encara m\u00e9s en la invisibilitat, passant desapercebut per a la gran majoria de la poblaci\u00f3.<\/p>\n\n\n\n<p>Es comptaran les persones que estiguin dormint al carrer, a bancs, portalades de botigues o edificis residencials, caixers bancaris, cotxes, etc. Aquella nit, per\u00f2, tamb\u00e9 es comptar\u00e0 les persones que dormen a recursos, allotjades en centres, pisos d\u2019entitats, en pensions i habitacions de relloguer o que viuen en habitatges inadequats (ex. naus industrials). \u00c9s una xifra que en els anteriors recompte del 2018 i 2021 tamb\u00e9 es va sumar i que dona la dimensi\u00f3 de les persones sense habitatge propi a la ciutat.<\/p>\n\n\n\n<p>La xifra obtinguda ha de servir per a poder, d\u2019una banda, <strong>fer visible aquests ciutadans i, de l\u2019altra, decidir les pol\u00edtiques d\u2019acci\u00f3 social necess\u00e0ries de manera molt m\u00e9s acurada<\/strong>.<\/p>\n\n\n\n<p><strong>Apunta\u2019t per fer de voluntari\/\u00e0ria!<\/strong><\/p>\n\n\n\n<p>Les inscripcions per als voluntaris i volunt\u00e0ries del Recompte de Persones Sense Llar 2023 es poden fer a trav\u00e9s de:<\/p>\n\n\n\n<p>&#8211;&nbsp;&nbsp;&nbsp;&nbsp;&nbsp;&nbsp;&nbsp;&nbsp; P\u00e0gina web de la Taula Sense Llar de Badalona:<\/p>\n\n\n\n<p><a href=\"http:\/\/www.taulasensellarbadalona.cat\/\">http:\/\/www.taulasensellarbadalona.cat\/<\/a><\/p>\n\n\n\n<p>&#8211;&nbsp;&nbsp;&nbsp;&nbsp;&nbsp;&nbsp;&nbsp;&nbsp; Enlla\u00e7 al formulari d\u2019inscripci\u00f3:<\/p>\n\n\n\n<p><a href=\"https:\/\/www.taulasensellarbadalona.cat\/voluntariat-recompte2023\/\">https:\/\/www.taulasensellarbadalona.cat\/voluntariat-recompte2023\/<\/a><\/p>\n","protected":false},"excerpt":{"rendered":"<p>La Taula Sense Llar de Badalona -integrada per les entitats socials Fundaci\u00f3 Llegat Roca i Pi, C\u00e0ritas Diocesana de Barcelona, Fundaci\u00f3 Acollida i Esperan\u00e7a, Creu Roja del Barcelon\u00e8s Nord, Fundaci\u00f3 Mambr\u00e9, Sant Joan de D\u00e9u Serveis Socials i Asaupam, i per l\u2019Ajuntament de Badalona, representat per l\u2019\u00e0rea de Serveis Socials&#8211; impulsa novament un recompte de [&hellip;]<\/p>\n","protected":false},"author":2,"featured_media":5244,"comment_status":"open","ping_status":"open","sticky":false,"template":"","format":"standard","meta":{"footnotes":""},"categories":[23],"tags":[],"class_list":{"0":"post-5243","1":"post","2":"type-post","3":"status-publish","4":"format-standard","5":"has-post-thumbnail","7":"category-actualitat"},"_links":{"self":[{"href":"https:\/\/areabadalona.com\/diario\/wp-json\/wp\/v2\/posts\/5243","targetHints":{"allow":["GET"]}}],"collection":[{"href":"https:\/\/areabadalona.com\/diario\/wp-json\/wp\/v2\/posts"}],"about":[{"href":"https:\/\/areabadalona.com\/diario\/wp-json\/wp\/v2\/types\/post"}],"author":[{"embeddable":true,"href":"https:\/\/areabadalona.com\/diario\/wp-json\/wp\/v2\/users\/2"}],"replies":[{"embeddable":true,"href":"https:\/\/areabadalona.com\/diario\/wp-json\/wp\/v2\/comments?post=5243"}],"version-history":[{"count":1,"href":"https:\/\/areabadalona.com\/diario\/wp-json\/wp\/v2\/posts\/5243\/revisions"}],"predecessor-version":[{"id":5245,"href":"https:\/\/areabadalona.com\/diario\/wp-json\/wp\/v2\/posts\/5243\/revisions\/5245"}],"wp:featuredmedia":[{"embeddable":true,"href":"https:\/\/areabadalona.com\/diario\/wp-json\/wp\/v2\/media\/5244"}],"wp:attachment":[{"href":"https:\/\/areabadalona.com\/diario\/wp-json\/wp\/v2\/media?parent=5243"}],"wp:term":[{"taxonomy":"category","embeddable":true,"href":"https:\/\/areabadalona.com\/diario\/wp-json\/wp\/v2\/categories?post=5243"},{"taxonomy":"post_tag","embeddable":true,"href":"https:\/\/areabadalona.com\/diario\/wp-json\/wp\/v2\/tags?post=5243"}],"curies":[{"name":"wp","href":"https:\/\/api.w.org\/{rel}","templated":true}]}}