{"id":5161,"date":"2023-04-06T11:38:52","date_gmt":"2023-04-06T11:38:52","guid":{"rendered":"https:\/\/areabadalona.com\/diario\/?p=5161"},"modified":"2023-04-06T11:38:53","modified_gmt":"2023-04-06T11:38:53","slug":"obert-el-periode-dinscripcio-per-participar-en-la-43a-cursa-popular-ciutat-de-badalona","status":"publish","type":"post","link":"https:\/\/areabadalona.com\/diario\/2023\/04\/06\/obert-el-periode-dinscripcio-per-participar-en-la-43a-cursa-popular-ciutat-de-badalona\/","title":{"rendered":"Obert el per\u00edode d\u2019inscripci\u00f3 per participar en la 43a Cursa Popular Ciutat de Badalona\u00a0"},"content":{"rendered":"\n<p>Ja est\u00e0 obert el per\u00edode d\u2019inscripci\u00f3 per participar en la <strong>43a Cursa Popular Ciutat de Badalona<\/strong>, coneguda tamb\u00e9 com a Cursa del Dimoni que tindr\u00e0 lloc <strong>diumenge 21 de maig. <\/strong>&nbsp;<\/p>\n\n\n\n<p>La 43a Cursa Popular Ciutat de Badalona &#8211; La Cursa del Dimoni! ha organitzat diversos circuits per afavorir la participaci\u00f3 de tothom. Tots els circuits s\u00f3n inclusius. &nbsp;<\/p>\n\n\n\n<p>&#8211; <strong>La cursa gran<\/strong>, de 10 km, per a m\u00e9s grans de 15 anys, amb sortida a les 10 hores.&nbsp;<\/p>\n\n\n\n<p>&#8211; <strong>La cursa mitjana<\/strong>, de 5 km, destinada al jovent d\u201911 a 14 anys i adults, amb sortida a les 10 hores. &nbsp;<\/p>\n\n\n\n<p>&#8211; <strong>La cursa mini<\/strong>, d\u20191,7 km, per a nens i nenes fins a 10 anys, amb sortida a les 11.30 hores. &nbsp;<\/p>\n\n\n\n<p>&#8211; <strong>La cursa inclusiva<\/strong>, de 50-100-500 metres, pensada per a persones amb diversitat funcional o amb capacitats redu\u00efdes, tant f\u00edsiques com ps\u00edquiques, amb sortida a les 11.30 hores.&nbsp;<\/p>\n\n\n\n<p>El preu de les inscripcions per als circuits mini, mitj\u00e0 i inclusiu \u00e9s de 2 euros. Per al circuit gran, la inscripci\u00f3 t\u00e9 un cost de 5 euros. Les inscripcions es poden fer a trav\u00e9s de la web municipal &nbsp;<\/p>\n\n\n\n<p><a href=\"http:\/\/badalona.cat\/portalWeb\/badalona.portal?_nfpb=true&amp;_pageLabel=contingut_estatic&amp;dCollectionID=3754#wlp_contingut_estatic\">http:\/\/badalona.cat\/portalWeb\/badalona.portal?_nfpb=true&amp;_pageLabel=contingut_estatic&amp;dCollectionID=3754#wlp_contingut_estatic<\/a>&nbsp;<\/p>\n\n\n\n<p>Les inscripcions es tancaran en l\u00ednia, el diumenge 14 de maig, a les 24 hores; o abans si s\u2019exhaureixen els dorsals.&nbsp;<\/p>\n\n\n\n<p>La recollida dels dorsals, xip i bossa del corredor es far\u00e0 el dissabte 20 de maig, de 10 a 20 hores, a l\u2019edifici municipal El Viver (pla\u00e7a de l\u2019Assemblea de Catalunya, 9-12). Excepcionalment, es podran recollir el mateix dia de la cursa, de 8.30 a 9.30 hores, i de 10.30 a 11.15 hores, a la secretaria de la cursa. Cal presentar el resguard amb el n\u00famero d\u2019inscripci\u00f3.&nbsp;<\/p>\n\n\n\n<p>La quarta tinenta d\u2019Alcaldia i regidora de l\u2019\u00c0mbit de Territori, Habitatge, Esports i Salut de l\u2019Ajuntament de Badalona, Teresa Gonz\u00e1lez ha manifestat que: \u201canimem a tots els badalonins i badalonines a afegir-se, un any m\u00e9s, a aquesta cursa que forma del calendari esportiu de la ciutat i de les Festes de Maig\u201d, la Cursa del Dimoni, afegeix \u201ces viu com un acte esportiu i com una activitat festiva de la ciutat que tamb\u00e9, pel seu car\u00e0cter inclusiu, permet la participaci\u00f3 de tothom\u201d. &nbsp;<\/p>\n","protected":false},"excerpt":{"rendered":"<p>Ja est\u00e0 obert el per\u00edode d\u2019inscripci\u00f3 per participar en la 43a Cursa Popular Ciutat de Badalona, coneguda tamb\u00e9 com a Cursa del Dimoni que tindr\u00e0 lloc diumenge 21 de maig. &nbsp; La 43a Cursa Popular Ciutat de Badalona &#8211; La Cursa del Dimoni! ha organitzat diversos circuits per afavorir la participaci\u00f3 de tothom. Tots els [&hellip;]<\/p>\n","protected":false},"author":2,"featured_media":5162,"comment_status":"open","ping_status":"open","sticky":false,"template":"","format":"standard","meta":{"footnotes":""},"categories":[23,26],"tags":[],"class_list":{"0":"post-5161","1":"post","2":"type-post","3":"status-publish","4":"format-standard","5":"has-post-thumbnail","7":"category-actualitat","8":"category-esports"},"_links":{"self":[{"href":"https:\/\/areabadalona.com\/diario\/wp-json\/wp\/v2\/posts\/5161","targetHints":{"allow":["GET"]}}],"collection":[{"href":"https:\/\/areabadalona.com\/diario\/wp-json\/wp\/v2\/posts"}],"about":[{"href":"https:\/\/areabadalona.com\/diario\/wp-json\/wp\/v2\/types\/post"}],"author":[{"embeddable":true,"href":"https:\/\/areabadalona.com\/diario\/wp-json\/wp\/v2\/users\/2"}],"replies":[{"embeddable":true,"href":"https:\/\/areabadalona.com\/diario\/wp-json\/wp\/v2\/comments?post=5161"}],"version-history":[{"count":1,"href":"https:\/\/areabadalona.com\/diario\/wp-json\/wp\/v2\/posts\/5161\/revisions"}],"predecessor-version":[{"id":5163,"href":"https:\/\/areabadalona.com\/diario\/wp-json\/wp\/v2\/posts\/5161\/revisions\/5163"}],"wp:featuredmedia":[{"embeddable":true,"href":"https:\/\/areabadalona.com\/diario\/wp-json\/wp\/v2\/media\/5162"}],"wp:attachment":[{"href":"https:\/\/areabadalona.com\/diario\/wp-json\/wp\/v2\/media?parent=5161"}],"wp:term":[{"taxonomy":"category","embeddable":true,"href":"https:\/\/areabadalona.com\/diario\/wp-json\/wp\/v2\/categories?post=5161"},{"taxonomy":"post_tag","embeddable":true,"href":"https:\/\/areabadalona.com\/diario\/wp-json\/wp\/v2\/tags?post=5161"}],"curies":[{"name":"wp","href":"https:\/\/api.w.org\/{rel}","templated":true}]}}