{"id":5152,"date":"2023-04-03T17:19:48","date_gmt":"2023-04-03T17:19:48","guid":{"rendered":"https:\/\/areabadalona.com\/diario\/?p=5152"},"modified":"2023-04-03T17:19:48","modified_gmt":"2023-04-03T17:19:48","slug":"signatura-del-protocol-per-a-la-finalitzacio-de-la-remodelacio-del-barri-de-sant-roc-de-badalona","status":"publish","type":"post","link":"https:\/\/areabadalona.com\/diario\/2023\/04\/03\/signatura-del-protocol-per-a-la-finalitzacio-de-la-remodelacio-del-barri-de-sant-roc-de-badalona\/","title":{"rendered":"Signatura del protocol per a la finalitzaci\u00f3 de la remodelaci\u00f3 del barri de Sant Roc de Badalona\u00a0"},"content":{"rendered":"\n<p>L\u2019alcalde de Badalona, Rub\u00e9n Guijarro Palma, i la directora de l\u2019Institut Catal\u00e0 del S\u00f2l (INCAS\u00d2L), Maria Sisternas i Tusell, han signat el protocol d\u2019intencions per a la finalitzaci\u00f3 de la remodelaci\u00f3 dels habitatges del barri de Sant Roc afectats per aluminosi. L\u2019objectiu \u00e9s repensar com tancar el proc\u00e9s executant les actuacions urban\u00edstiques que resten per la finalitzaci\u00f3 de la remodelaci\u00f3, aix\u00ed com de les oportunitats de millora pel barri i el conjunt de la ciutat tant en la construcci\u00f3 d\u2019equipaments com de nous habitatges. &nbsp;<\/p>\n\n\n\n<p>El proc\u00e9s de renovaci\u00f3 dels habitatges del barri afectats d\u2019aluminosi es va iniciar l\u2019any 2000 barri i des d\u2019aleshores s\u2019han invertit prop de 100 milions d\u2019euros en la construcci\u00f3 d\u2019un total de 935 nous habitatges aix\u00ed com la urbanitzaci\u00f3 del seu entorn.&nbsp;<\/p>\n\n\n\n<p><strong>La remodelaci\u00f3 del barri&nbsp;<\/strong><\/p>\n\n\n\n<p>El barri de Sant Roc es va planificar per allotjar la poblaci\u00f3 que vivia en les barraques de la Barcelona metropolitana \u2013 hi van anar a viure majorit\u00e0riament persones de Montju\u00efc i del Somorrostro-, per\u00f2 tamb\u00e9 als despla\u00e7ats per la riuada del Bes\u00f2s del 1962 que estaven en barracots a la mateixa zona i tamb\u00e9 als badalonins expropiats per a la construcci\u00f3 de l&#8217;autopista C-31. Cap a la d\u00e8cada dels 70, els habitatges van comen\u00e7ar a presentar problemes a causa de la baixa qualitat de la construcci\u00f3 i els materials, com l\u2019\u00fas de ciment&nbsp; alumin\u00f3s. \u00c9s aleshores quan les institucions p\u00fabliques comencen a incloure a Sant Roc en una s\u00e8rie de programes per tal de rehabilitar-lo.&nbsp;<\/p>\n\n\n\n<p>L\u2019any 2000, l\u2019Ajuntament i l\u2019INCAS\u00d2L signen el primer conveni per iniciar la remodelaci\u00f3 del barri que, a data d\u2019avui, ha suposat la construcci\u00f3 i adjudicaci\u00f3 de 895 habitatges de substituci\u00f3, a m\u00e9s dels 40 habitatges a punt de ser lliurats, amb el que es totalitzen 935 habitatges constru\u00efts. &nbsp;<\/p>\n\n\n\n<p>La inversi\u00f3 p\u00fablica a origen (1997) al barri de Sant Roc supera els 85M\u20ac, amb un fons perdut molt important. A partir de 2012, per tal finan\u00e7ar les diverses fases pendents, l\u2019Ag\u00e8ncia de l\u2019Habitatge de Catalunya i l\u2019INCAS\u00d2L han mobilitzat inversions mitjan\u00e7ant convenis per la remodelaci\u00f3 de barris. Aix\u00f2 ha perm\u00e8s destinar uns altres 13,1M\u20ac en la remodelaci\u00f3 del front de l\u2019avinguda de Marqu\u00e8s de Mont-roig on s\u2019hi ha constru\u00eft 56 habitatges del bloc O i 5,1M\u20ac per la construcci\u00f3 del 40 habitatges del Bloc T que es lliuraran a l\u2019estiu d\u2019aquest any 2023.&nbsp;<\/p>\n\n\n\n<p>El reallotjament de les fam\u00edlies afectades pels habitatges amb aluminosi haur\u00e0 finalitzat amb la construcci\u00f3 d\u2019aquests dos blocs. Restar\u00e0 per completar el proc\u00e9s, l\u2019enderroc dels blocs situats en l\u2019\u00e0mbit emmarcat pel carrer V\u00e9lez Rubio, el front de l\u2019avinguda del Marqu\u00e8s de Mont-roig, l\u2019avinguda del Congr\u00e9s Eucar\u00edstic, el carrer de M\u00e0laga, la prolongaci\u00f3 del carrer d\u2019Anselm Turmeda i els testers dels quatre blocs inclosos en el PERI de Sant Roc i la seva urbanitzaci\u00f3. Tamb\u00e9 caldr\u00e0 executar la urbanitzaci\u00f3 dels espais entre blocs i la pla\u00e7a Sant Roc, l\u2019enderroc de la caserna del parc de bombers i l\u2019adequaci\u00f3 de tot l\u2019espai com a zona verda i la construcci\u00f3 de l\u2019equipament i els habitatges que manquen.&nbsp;<\/p>\n\n\n\n<p>Tenint en compte que l\u2019ordenaci\u00f3 vigent \u00e9s de fa m\u00e9s de 20 anys, tant l\u2019Ajuntament com la Generalitat plantegen en aquest protocol la necessitat de millorar-la acomplint amb els compromisos establerts per\u00f2 afrontant les necessitats actuals d\u2019habitatge, equipaments i espais verds del barri i de la ciutat de Badalona. Amb aquest fi es crear\u00e0 una comissi\u00f3 de seguiment del protocol, integrada per dos membres de cadascuna de les administracions.&nbsp;<\/p>\n","protected":false},"excerpt":{"rendered":"<p>L\u2019alcalde de Badalona, Rub\u00e9n Guijarro Palma, i la directora de l\u2019Institut Catal\u00e0 del S\u00f2l (INCAS\u00d2L), Maria Sisternas i Tusell, han signat el protocol d\u2019intencions per a la finalitzaci\u00f3 de la remodelaci\u00f3 dels habitatges del barri de Sant Roc afectats per aluminosi. L\u2019objectiu \u00e9s repensar com tancar el proc\u00e9s executant les actuacions urban\u00edstiques que resten per [&hellip;]<\/p>\n","protected":false},"author":2,"featured_media":5153,"comment_status":"open","ping_status":"open","sticky":false,"template":"","format":"standard","meta":{"footnotes":""},"categories":[23],"tags":[],"class_list":{"0":"post-5152","1":"post","2":"type-post","3":"status-publish","4":"format-standard","5":"has-post-thumbnail","7":"category-actualitat"},"_links":{"self":[{"href":"https:\/\/areabadalona.com\/diario\/wp-json\/wp\/v2\/posts\/5152","targetHints":{"allow":["GET"]}}],"collection":[{"href":"https:\/\/areabadalona.com\/diario\/wp-json\/wp\/v2\/posts"}],"about":[{"href":"https:\/\/areabadalona.com\/diario\/wp-json\/wp\/v2\/types\/post"}],"author":[{"embeddable":true,"href":"https:\/\/areabadalona.com\/diario\/wp-json\/wp\/v2\/users\/2"}],"replies":[{"embeddable":true,"href":"https:\/\/areabadalona.com\/diario\/wp-json\/wp\/v2\/comments?post=5152"}],"version-history":[{"count":1,"href":"https:\/\/areabadalona.com\/diario\/wp-json\/wp\/v2\/posts\/5152\/revisions"}],"predecessor-version":[{"id":5154,"href":"https:\/\/areabadalona.com\/diario\/wp-json\/wp\/v2\/posts\/5152\/revisions\/5154"}],"wp:featuredmedia":[{"embeddable":true,"href":"https:\/\/areabadalona.com\/diario\/wp-json\/wp\/v2\/media\/5153"}],"wp:attachment":[{"href":"https:\/\/areabadalona.com\/diario\/wp-json\/wp\/v2\/media?parent=5152"}],"wp:term":[{"taxonomy":"category","embeddable":true,"href":"https:\/\/areabadalona.com\/diario\/wp-json\/wp\/v2\/categories?post=5152"},{"taxonomy":"post_tag","embeddable":true,"href":"https:\/\/areabadalona.com\/diario\/wp-json\/wp\/v2\/tags?post=5152"}],"curies":[{"name":"wp","href":"https:\/\/api.w.org\/{rel}","templated":true}]}}