{"id":5149,"date":"2023-04-01T17:16:02","date_gmt":"2023-04-01T17:16:02","guid":{"rendered":"https:\/\/areabadalona.com\/diario\/?p=5149"},"modified":"2023-04-03T17:16:35","modified_gmt":"2023-04-03T17:16:35","slug":"les-obres-del-nou-passeig-maritim-entre-la-platja-dels-pescadors-i-el-torrent-de-vallmajor-comencaran-a-inicis-de-2024","status":"publish","type":"post","link":"https:\/\/areabadalona.com\/diario\/2023\/04\/01\/les-obres-del-nou-passeig-maritim-entre-la-platja-dels-pescadors-i-el-torrent-de-vallmajor-comencaran-a-inicis-de-2024\/","title":{"rendered":"Les obres del nou passeig Mar\u00edtim entre la platja dels Pescadors i el Torrent de Vallmajor comen\u00e7aran a inicis de 2024\u00a0"},"content":{"rendered":"\n<p>L\u2019alcalde de Badalona, Rub\u00e9n Guijarro, ha presentat p\u00fablicament aquest dissabte, en el decurs de la Jornada de portes obertes organitzada al nou Canal Badalona, els detalls del projecte de reurbanitzaci\u00f3 del passeig Mar\u00edtim, en el tram compr\u00e8s entre els carrers de Sant Dom\u00e8nec i Torrent de Vallmajor. El projecte impulsat per l\u2019Ajuntament de Badalona i l\u2019\u00c0rea Metropolitana de Barcelona preveu una plataforma \u00fanica, l\u2019ampliaci\u00f3 del passeig vers la platja, la connexi\u00f3 dels carrils bici, l\u2019eliminaci\u00f3 de barreres arquitect\u00f2niques, nou arbrat, nou enllumenat i nou mobiliari.&nbsp;<\/p>\n\n\n\n<p>La remodelaci\u00f3 del passeig Mar\u00edtim compr\u00e8n una superf\u00edcie total de 15.170 m2 dividida en dos trams. El primer tram d\u201911.770 m2 va de la platja dels Pescadors fins a la Riera Canyad\u00f3, mentre el segon de 3.400 m2 va de la riera Canyad\u00f3 al Torrent de Vallmajor. El pressupost previst per realitzar aquest projecte \u00e9s de gaireb\u00e9 6 milions d\u2019euros. El termini previst d&#8217;execuci\u00f3 de les obres \u00e9s de 15 mesos. La previsi\u00f3 \u00e9s que els treballs puguin comen\u00e7ar durant el primer trimestre de 2024.&nbsp;<\/p>\n\n\n\n<p>El projecte preveu realitzar la vianalitzaci\u00f3 de tot aquest tram del passeig Mar\u00edtim, dotant l&#8217;espai d&#8217;una nova franja d&#8217;arbrat i enjardinament i, per mitj\u00e0 d&#8217;aquest, segregar funcionalment el nou carril bici plantejat al costat de la via de tren de la resta del passeig configurat en plataforma \u00fanica. &nbsp;<\/p>\n\n\n\n<p>L&#8217;actuaci\u00f3 preveu la substituci\u00f3 de tot el paviment i enllumenant existent, creant i millorant els accessos a la platja des del passeig Mar\u00edtim. Tamb\u00e9 inclou la substituci\u00f3 del mobiliari existent. Amb aquesta intervenci\u00f3 es garantir\u00e0 la continu\u00eftat del carril bici existent al tram entre la Barca Maria i el Torrent de Vallmajor, amb el que hi ha a partir de la platja de Pescadors, aix\u00ed com la continu\u00eftat del passeig a un sol nivell.&nbsp;<\/p>\n\n\n\n<p>Dins d&#8217;aquesta actuaci\u00f3, es preveu tamb\u00e9 la construcci\u00f3 i ampliaci\u00f3 del sistema d&#8217;escullera soterrat longitudinal, existent a altres trams del passeig, per garantir i augmentar la seva resili\u00e8ncia en front de la regressi\u00f3 que pateix la costa de Badalona pels successius temporals mar\u00edtims que han anat en augment aquests darrers anys. &nbsp;<\/p>\n\n\n\n<p>L\u2019alcalde de Badalona, Rub\u00e9n Guijarro, ha afirmat que \u201cla remodelaci\u00f3 prevista far\u00e0 que aquest tram del passeig Mar\u00edtim es converteixi en un gran espai p\u00fablic molt m\u00e9s amable per als usuaris, accessible, millor connectat i tamb\u00e9 pensat en clau d\u2019emerg\u00e8ncia clim\u00e0tica davant la regressi\u00f3 que pateix el litoral a causa dels temporals mar\u00edtims\u201d. \u201cUn cop ja disposem d\u2019aquest projecte executiu, el seg\u00fcent pas \u00e9s licitar i adjudicar les obres. El passeig Mar\u00edtim \u00e9s una art\u00e8ria emblem\u00e0tica que cal remodelar i dignificar perqu\u00e8 es tracta d\u2019un dels eixos vertebradors de la ciutat que complementa la platja com atractiu tur\u00edstic i paisatg\u00edstic\u201d, ha afegit. &nbsp;<\/p>\n\n\n\n<p><strong>Remodelaci\u00f3 del pont del Petroli&nbsp;<\/strong><\/p>\n\n\n\n<p>L\u2019alcalde badalon\u00ed tamb\u00e9 ha anunciat que el proper mes de maig es podr\u00e0 presentar el projecte executiu per remodelar el pont del Petroli, unes obres valorades en 3,2 milions d\u2019euros.&nbsp;<\/p>\n\n\n\n<p>El gener de l\u2019any 2020, el pas del temporal Gl\u00f2ria va provocar danys importants al litoral badalon\u00ed i, concretament, el pont del Petroli va resultar greument afectat. El pont va patir danys a l\u2019estructura i la desaparici\u00f3 de la part final de la passera que unia el pont amb la plataforma final, que tamb\u00e9 va quedar molt malmesa.&nbsp;<\/p>\n\n\n\n<p>La primera estimaci\u00f3 de la valoraci\u00f3 per remodelar el pont va ser del mes de desembre del 2021 i xifrava aquesta actuaci\u00f3 en un import d\u20191,3 milions d\u2019euros. L\u2019Ajuntament de Badalona va realitzar l\u2019any 2022 un proc\u00e9s participatiu entre les dues opcions m\u00e9s fiables que t\u00e8cnicament podrien suportar millor l\u2019acci\u00f3 de l\u2019onatge en situaci\u00f3 de temporal.&nbsp;<\/p>\n\n\n\n<p>Despr\u00e9s de la inspecci\u00f3 feta per l\u2019Enginyeria Revent\u00f3s i de l&#8217;assaig de la UPC, la darrera valoraci\u00f3 situa en 3.214.000 \u20ac l\u2019import del projecte per recuperar aquest s\u00edmbol de la ciutat. L&#8217;increment es dona per l&#8217;augment dels preus dels pilons i els acabats.&nbsp;<\/p>\n","protected":false},"excerpt":{"rendered":"<p>L\u2019alcalde de Badalona, Rub\u00e9n Guijarro, ha presentat p\u00fablicament aquest dissabte, en el decurs de la Jornada de portes obertes organitzada al nou Canal Badalona, els detalls del projecte de reurbanitzaci\u00f3 del passeig Mar\u00edtim, en el tram compr\u00e8s entre els carrers de Sant Dom\u00e8nec i Torrent de Vallmajor. El projecte impulsat per l\u2019Ajuntament de Badalona i [&hellip;]<\/p>\n","protected":false},"author":2,"featured_media":5150,"comment_status":"open","ping_status":"open","sticky":false,"template":"","format":"standard","meta":{"footnotes":""},"categories":[23],"tags":[],"class_list":{"0":"post-5149","1":"post","2":"type-post","3":"status-publish","4":"format-standard","5":"has-post-thumbnail","7":"category-actualitat"},"_links":{"self":[{"href":"https:\/\/areabadalona.com\/diario\/wp-json\/wp\/v2\/posts\/5149","targetHints":{"allow":["GET"]}}],"collection":[{"href":"https:\/\/areabadalona.com\/diario\/wp-json\/wp\/v2\/posts"}],"about":[{"href":"https:\/\/areabadalona.com\/diario\/wp-json\/wp\/v2\/types\/post"}],"author":[{"embeddable":true,"href":"https:\/\/areabadalona.com\/diario\/wp-json\/wp\/v2\/users\/2"}],"replies":[{"embeddable":true,"href":"https:\/\/areabadalona.com\/diario\/wp-json\/wp\/v2\/comments?post=5149"}],"version-history":[{"count":1,"href":"https:\/\/areabadalona.com\/diario\/wp-json\/wp\/v2\/posts\/5149\/revisions"}],"predecessor-version":[{"id":5151,"href":"https:\/\/areabadalona.com\/diario\/wp-json\/wp\/v2\/posts\/5149\/revisions\/5151"}],"wp:featuredmedia":[{"embeddable":true,"href":"https:\/\/areabadalona.com\/diario\/wp-json\/wp\/v2\/media\/5150"}],"wp:attachment":[{"href":"https:\/\/areabadalona.com\/diario\/wp-json\/wp\/v2\/media?parent=5149"}],"wp:term":[{"taxonomy":"category","embeddable":true,"href":"https:\/\/areabadalona.com\/diario\/wp-json\/wp\/v2\/categories?post=5149"},{"taxonomy":"post_tag","embeddable":true,"href":"https:\/\/areabadalona.com\/diario\/wp-json\/wp\/v2\/tags?post=5149"}],"curies":[{"name":"wp","href":"https:\/\/api.w.org\/{rel}","templated":true}]}}