{"id":5146,"date":"2023-04-03T14:14:00","date_gmt":"2023-04-03T14:14:00","guid":{"rendered":"https:\/\/areabadalona.com\/diario\/?p=5146"},"modified":"2023-04-03T17:15:16","modified_gmt":"2023-04-03T17:15:16","slug":"badalona-renova-mes-de-1-300-plaques-de-places-i-carrers-que-es-troben-en-mal-estat","status":"publish","type":"post","link":"https:\/\/areabadalona.com\/diario\/2023\/04\/03\/badalona-renova-mes-de-1-300-plaques-de-places-i-carrers-que-es-troben-en-mal-estat\/","title":{"rendered":"Badalona renova m\u00e9s de 1.300 plaques de places i carrers que es troben en mal estat\u00a0"},"content":{"rendered":"\n<p>Des d\u2019avui i abans que acabi el mes de maig es reposaran m\u00e9s de 1.300 plaques de places i carrers que es troben malmeses i en alguns casos il\u00b7legibles. L\u2019Ajuntament de Badalona ha invertit prop de 48.000 euros en les noves plaques que substituiran aquelles que es troben m\u00e9s deteriorades i es distribuiran als 6 districtes de la ciutat. &nbsp;<\/p>\n\n\n\n<p>Durant els darrers anys l\u2019Ajuntament havia anat renovant algunes de les plaques malmeses per\u00f2 en una quantitat no superior a les 200 anuals. De fet, les actuals plaques amb el nom dels carrers daten del 1981, quan es van renovar els models anteriors, i des de llavors no s\u2019havia portat a terme una renovaci\u00f3 a gran escala.&nbsp;<\/p>\n\n\n\n<p>L\u2019alcalde de Badalona, Rub\u00e9n Guijarro, que ha estat present en les primeres renovacions de plaques que s\u2019han portat avui a terme al barri del Centre, ha manifestat que: \u201cla renovaci\u00f3 de les plaques arribar\u00e0 a tots els carrers i places de Badalona que ho necessitin i aquesta actuaci\u00f3 forma part de les mesures que des del Govern s\u2019ha adoptat per a la renovaci\u00f3 del mobiliari urb\u00e0, amb una primera injecci\u00f3 de 300.000 euros per posar la ciutat al dia, despr\u00e9s de tants anys sense portar a terme les inversions necess\u00e0ries\u201d.&nbsp;<\/p>\n","protected":false},"excerpt":{"rendered":"<p>Des d\u2019avui i abans que acabi el mes de maig es reposaran m\u00e9s de 1.300 plaques de places i carrers que es troben malmeses i en alguns casos il\u00b7legibles. L\u2019Ajuntament de Badalona ha invertit prop de 48.000 euros en les noves plaques que substituiran aquelles que es troben m\u00e9s deteriorades i es distribuiran als 6 [&hellip;]<\/p>\n","protected":false},"author":2,"featured_media":5147,"comment_status":"open","ping_status":"open","sticky":false,"template":"","format":"standard","meta":{"footnotes":""},"categories":[23],"tags":[],"class_list":{"0":"post-5146","1":"post","2":"type-post","3":"status-publish","4":"format-standard","5":"has-post-thumbnail","7":"category-actualitat"},"_links":{"self":[{"href":"https:\/\/areabadalona.com\/diario\/wp-json\/wp\/v2\/posts\/5146","targetHints":{"allow":["GET"]}}],"collection":[{"href":"https:\/\/areabadalona.com\/diario\/wp-json\/wp\/v2\/posts"}],"about":[{"href":"https:\/\/areabadalona.com\/diario\/wp-json\/wp\/v2\/types\/post"}],"author":[{"embeddable":true,"href":"https:\/\/areabadalona.com\/diario\/wp-json\/wp\/v2\/users\/2"}],"replies":[{"embeddable":true,"href":"https:\/\/areabadalona.com\/diario\/wp-json\/wp\/v2\/comments?post=5146"}],"version-history":[{"count":1,"href":"https:\/\/areabadalona.com\/diario\/wp-json\/wp\/v2\/posts\/5146\/revisions"}],"predecessor-version":[{"id":5148,"href":"https:\/\/areabadalona.com\/diario\/wp-json\/wp\/v2\/posts\/5146\/revisions\/5148"}],"wp:featuredmedia":[{"embeddable":true,"href":"https:\/\/areabadalona.com\/diario\/wp-json\/wp\/v2\/media\/5147"}],"wp:attachment":[{"href":"https:\/\/areabadalona.com\/diario\/wp-json\/wp\/v2\/media?parent=5146"}],"wp:term":[{"taxonomy":"category","embeddable":true,"href":"https:\/\/areabadalona.com\/diario\/wp-json\/wp\/v2\/categories?post=5146"},{"taxonomy":"post_tag","embeddable":true,"href":"https:\/\/areabadalona.com\/diario\/wp-json\/wp\/v2\/tags?post=5146"}],"curies":[{"name":"wp","href":"https:\/\/api.w.org\/{rel}","templated":true}]}}