{"id":5143,"date":"2023-04-03T12:13:00","date_gmt":"2023-04-03T12:13:00","guid":{"rendered":"https:\/\/areabadalona.com\/diario\/?p=5143"},"modified":"2023-04-03T17:13:46","modified_gmt":"2023-04-03T17:13:46","slug":"les-obres-de-la-instal%c2%b7lacio-fotovoltaica-del-poliesportiu-montigala-arriben-a-la-recta-final","status":"publish","type":"post","link":"https:\/\/areabadalona.com\/diario\/2023\/04\/03\/les-obres-de-la-instal%c2%b7lacio-fotovoltaica-del-poliesportiu-montigala-arriben-a-la-recta-final\/","title":{"rendered":"Les obres de la instal\u00b7laci\u00f3 fotovoltaica del Poliesportiu Montigal\u00e0 arriben a la recta final\u00a0"},"content":{"rendered":"\n<p>La instal\u00b7laci\u00f3 de la nova planta fotovoltaica ubicada al Poliesportiu Montigal\u00e0 arriba a la seva recta final. Aquesta instal\u00b7laci\u00f3 de 635 m2 estar\u00e0 acollida al r\u00e8gim d\u2019autoconsum compartit amb compensaci\u00f3 d\u2019excedents. Per tant, l\u2019energia el\u00e8ctrica que produeixi servir\u00e0 per abastir l\u2019equipament esportiu i ser\u00e0 compartida amb altres equipaments situats a un radi inferior als 2.000 metres.&nbsp;<\/p>\n\n\n\n<p>Concretament es preveu que l\u2019energia sigui consumida pels equipaments seg\u00fcents: Poliesportiu Montigal\u00e0, EBM Uni Dori, Escola Montigal\u00e0, Escola Folch i Torres, Escola Joan Mir\u00f3, Escola Pau Picasso, Escola Joan Coret, Escola Miguel Hern\u00e1ndez, EBM Pam i Pipa i Centre C\u00edvic La Colina.&nbsp;<\/p>\n\n\n\n<p>Aquesta instal\u00b7laci\u00f3 fotovoltaica est\u00e0 formada per 312 m\u00f2duls amb una pot\u00e8ncia total de 132,6 kWp. Est\u00e0 previst que generi uns 156.044 kWh a l\u2019any, fet que suposar\u00e0 una reducci\u00f3 d\u2019emissions de CO2 de m\u00e9s de 44 tones. Tant els m\u00f2duls fotovoltaics com la producci\u00f3 estan garantides pel fabricant durant els propers 25 anys. A m\u00e9s, l\u2019actuaci\u00f3 ha perm\u00e8s millorar la impermeabilitzaci\u00f3 de la coberta.&nbsp;<\/p>\n\n\n\n<p>El cost de la inversi\u00f3 prevista \u00e9s de 179.598 euros i forma part de les millores energ\u00e8tiques finan\u00e7ades a trav\u00e9s del contracte de subministrament el\u00e8ctric que l\u2019Ajuntament de Badalona t\u00e9 amb la comercialitzadora Naturgy. L\u2019estalvi econ\u00f2mic previst se situa al voltant dels 20.500 euros anuals.&nbsp;<\/p>\n\n\n\n<p>Aquesta actuaci\u00f3 forma part del comprom\u00eds municipal amb la transici\u00f3 energ\u00e8tica, el foment de les energies renovables i l\u2019efici\u00e8ncia energ\u00e8tica. Amb aquesta instal\u00b7laci\u00f3 del Poliesportiu Montigal\u00e0 s\u2019amplia el parc fotovoltaic municipal, el qual comptar\u00e0 amb una pot\u00e8ncia fotovoltaica de 753,17 kWp repartits en 15 instal\u00b7lacions.&nbsp;<\/p>\n\n\n\n<p>D\u2019aquesta pot\u00e8ncia, 530 kWp han estat executats en els darrers 3 anys a trav\u00e9s de les instal\u00b7lacions que s\u2019han ubicat a la P\u00e8rgola de Can Cabanyes, al BCIN, a l\u2019Escola Lola Anglada, a l\u2019Estadi Municipal de Futbol i ara al Poliesportiu Montigal\u00e0.&nbsp;<\/p>\n\n\n\n<p>A escala municipal durant l\u2019any 2022 s\u2019ha produ\u00eft un increment superior al 200% en el nombre d&#8217;instal\u00b7lacions Fotovoltaiques a la ciutat. Aix\u00ed segons el registre d&#8217;instal\u00b7lacions d\u2019autoconsum de Catalunya, actualment hi ha 325 instal\u00b7lacions a Badalona, amb una pot\u00e8ncia superior als 2360 kwp. I una producci\u00f3 estimada de m\u00e9s de 3.458.740 kWh any, equivalent al consum de 1350 habitatges.&nbsp;<\/p>\n\n\n\n<p>Aquesta eclosi\u00f3 del sector fotovoltaic, impulsat pels elevats preus de l\u2019energia tamb\u00e9 ha estat possible pel suport municipal a trav\u00e9s de les bonificacions de l\u2019<\/p>\n","protected":false},"excerpt":{"rendered":"<p>La instal\u00b7laci\u00f3 de la nova planta fotovoltaica ubicada al Poliesportiu Montigal\u00e0 arriba a la seva recta final. Aquesta instal\u00b7laci\u00f3 de 635 m2 estar\u00e0 acollida al r\u00e8gim d\u2019autoconsum compartit amb compensaci\u00f3 d\u2019excedents. Per tant, l\u2019energia el\u00e8ctrica que produeixi servir\u00e0 per abastir l\u2019equipament esportiu i ser\u00e0 compartida amb altres equipaments situats a un radi inferior als 2.000 [&hellip;]<\/p>\n","protected":false},"author":2,"featured_media":5144,"comment_status":"open","ping_status":"open","sticky":false,"template":"","format":"standard","meta":{"footnotes":""},"categories":[23],"tags":[],"class_list":{"0":"post-5143","1":"post","2":"type-post","3":"status-publish","4":"format-standard","5":"has-post-thumbnail","7":"category-actualitat"},"_links":{"self":[{"href":"https:\/\/areabadalona.com\/diario\/wp-json\/wp\/v2\/posts\/5143","targetHints":{"allow":["GET"]}}],"collection":[{"href":"https:\/\/areabadalona.com\/diario\/wp-json\/wp\/v2\/posts"}],"about":[{"href":"https:\/\/areabadalona.com\/diario\/wp-json\/wp\/v2\/types\/post"}],"author":[{"embeddable":true,"href":"https:\/\/areabadalona.com\/diario\/wp-json\/wp\/v2\/users\/2"}],"replies":[{"embeddable":true,"href":"https:\/\/areabadalona.com\/diario\/wp-json\/wp\/v2\/comments?post=5143"}],"version-history":[{"count":1,"href":"https:\/\/areabadalona.com\/diario\/wp-json\/wp\/v2\/posts\/5143\/revisions"}],"predecessor-version":[{"id":5145,"href":"https:\/\/areabadalona.com\/diario\/wp-json\/wp\/v2\/posts\/5143\/revisions\/5145"}],"wp:featuredmedia":[{"embeddable":true,"href":"https:\/\/areabadalona.com\/diario\/wp-json\/wp\/v2\/media\/5144"}],"wp:attachment":[{"href":"https:\/\/areabadalona.com\/diario\/wp-json\/wp\/v2\/media?parent=5143"}],"wp:term":[{"taxonomy":"category","embeddable":true,"href":"https:\/\/areabadalona.com\/diario\/wp-json\/wp\/v2\/categories?post=5143"},{"taxonomy":"post_tag","embeddable":true,"href":"https:\/\/areabadalona.com\/diario\/wp-json\/wp\/v2\/tags?post=5143"}],"curies":[{"name":"wp","href":"https:\/\/api.w.org\/{rel}","templated":true}]}}