{"id":5140,"date":"2023-04-03T16:34:13","date_gmt":"2023-04-03T16:34:13","guid":{"rendered":"https:\/\/areabadalona.com\/diario\/?p=5140"},"modified":"2023-04-03T16:34:14","modified_gmt":"2023-04-03T16:34:14","slug":"badalona-comptara-amb-un-nou-contracte-de-coeducacio-per-a-les-escoles-de-primaria","status":"publish","type":"post","link":"https:\/\/areabadalona.com\/diario\/2023\/04\/03\/badalona-comptara-amb-un-nou-contracte-de-coeducacio-per-a-les-escoles-de-primaria\/","title":{"rendered":"Badalona comptar\u00e0 amb un nou contracte de coeducaci\u00f3 per a les escoles de prim\u00e0ria\u00a0"},"content":{"rendered":"\n<p>La segona tinenta d\u2019Alcaldia i i regidora de l\u2019\u00c0mbit d\u2019Educaci\u00f3, Feminismes i LGTBIQ+, Ciutadania, Participaci\u00f3 i Agenda 2030, A\u00efda Llaurad\u00f3, A\u00efda Llaurad\u00f3, ha avan\u00e7at que es posar\u00e0 en marxa el nou Contracte de Coeducaci\u00f3 a les escoles de prim\u00e0ria de Badalona que preveu, com a una eina educativa m\u00e9s, la introducci\u00f3 de l&#8217;educaci\u00f3 sexual en totes les etapes del sistema p\u00fablic educatiu. &nbsp;<\/p>\n\n\n\n<p>La regidora ha fet aquest anunci en la darrera sessi\u00f3 plen\u00e0ria del Consell Escolar Municipal (que va tenir lloc dijous passat, 30 de mar\u00e7) per recollir all\u00f2 que es recull en la Llei 10\/2022, de 6 de setembre, de garantia integral de la llibertat sexual, anomenada col\u00b7loquialment com \u201cla llei del s\u00ed \u00e9s s\u00ed\u201d.&nbsp;<\/p>\n\n\n\n<p>El programa s&#8217;adre\u00e7a a l&#8217;alumnat de les escoles de Badalona del cicle superior de prim\u00e0ria. La finalitat del programa \u00e9s sensibilitzar sobre les relacions sanes i igualit\u00e0ries, les diversitats sexuals i afectives i la prevenci\u00f3 de les viol\u00e8ncies masclistes. Es contemplen un total de 59 tallers, tenint en compte que 3 d&#8217;aquests estaran dirigits a infants d&#8217;educaci\u00f3 especial. La previsi\u00f3 \u00e9s que el programa arribi a 1300 alumnes. &nbsp;<\/p>\n\n\n\n<p>La segona tinenta d\u2019Alcaldia ha assenyalat que el projecte servir\u00e0 per detectar les necessitats a l&#8217;etapa de prim\u00e0ria i fer el pas cap a la secund\u00e0ria. L\u2019objectiu ha afegit, es arribar a abordar aquestes q\u00fcestions a totes les etapes educatives. \u00abA Badalona ens prenem seriosament les pol\u00edtiques contra les viol\u00e8ncies masclistes i per aix\u00f2 fem una clara aposta per introduir l&#8217;educaci\u00f3 afectiu-sexual a les escoles. Nom\u00e9s amb prevenci\u00f3 i sensibilitzaci\u00f3 es podran reduir les conductes masclistes per part del jovent\u00bb.&nbsp;<\/p>\n","protected":false},"excerpt":{"rendered":"<p>La segona tinenta d\u2019Alcaldia i i regidora de l\u2019\u00c0mbit d\u2019Educaci\u00f3, Feminismes i LGTBIQ+, Ciutadania, Participaci\u00f3 i Agenda 2030, A\u00efda Llaurad\u00f3, A\u00efda Llaurad\u00f3, ha avan\u00e7at que es posar\u00e0 en marxa el nou Contracte de Coeducaci\u00f3 a les escoles de prim\u00e0ria de Badalona que preveu, com a una eina educativa m\u00e9s, la introducci\u00f3 de l&#8217;educaci\u00f3 sexual en [&hellip;]<\/p>\n","protected":false},"author":1,"featured_media":5141,"comment_status":"open","ping_status":"open","sticky":false,"template":"","format":"standard","meta":{"footnotes":""},"categories":[23,24],"tags":[],"class_list":{"0":"post-5140","1":"post","2":"type-post","3":"status-publish","4":"format-standard","5":"has-post-thumbnail","7":"category-actualitat","8":"category-societat"},"_links":{"self":[{"href":"https:\/\/areabadalona.com\/diario\/wp-json\/wp\/v2\/posts\/5140","targetHints":{"allow":["GET"]}}],"collection":[{"href":"https:\/\/areabadalona.com\/diario\/wp-json\/wp\/v2\/posts"}],"about":[{"href":"https:\/\/areabadalona.com\/diario\/wp-json\/wp\/v2\/types\/post"}],"author":[{"embeddable":true,"href":"https:\/\/areabadalona.com\/diario\/wp-json\/wp\/v2\/users\/1"}],"replies":[{"embeddable":true,"href":"https:\/\/areabadalona.com\/diario\/wp-json\/wp\/v2\/comments?post=5140"}],"version-history":[{"count":1,"href":"https:\/\/areabadalona.com\/diario\/wp-json\/wp\/v2\/posts\/5140\/revisions"}],"predecessor-version":[{"id":5142,"href":"https:\/\/areabadalona.com\/diario\/wp-json\/wp\/v2\/posts\/5140\/revisions\/5142"}],"wp:featuredmedia":[{"embeddable":true,"href":"https:\/\/areabadalona.com\/diario\/wp-json\/wp\/v2\/media\/5141"}],"wp:attachment":[{"href":"https:\/\/areabadalona.com\/diario\/wp-json\/wp\/v2\/media?parent=5140"}],"wp:term":[{"taxonomy":"category","embeddable":true,"href":"https:\/\/areabadalona.com\/diario\/wp-json\/wp\/v2\/categories?post=5140"},{"taxonomy":"post_tag","embeddable":true,"href":"https:\/\/areabadalona.com\/diario\/wp-json\/wp\/v2\/tags?post=5140"}],"curies":[{"name":"wp","href":"https:\/\/api.w.org\/{rel}","templated":true}]}}