{"id":5136,"date":"2023-04-03T11:50:00","date_gmt":"2023-04-03T11:50:00","guid":{"rendered":"https:\/\/areabadalona.com\/diario\/?p=5136"},"modified":"2023-04-03T15:51:34","modified_gmt":"2023-04-03T15:51:34","slug":"lajuntament-de-badalona-ha-engegat-un-projecte-didentificacio-de-les-colonies-controlades-urbanes-de-gats","status":"publish","type":"post","link":"https:\/\/areabadalona.com\/diario\/2023\/04\/03\/lajuntament-de-badalona-ha-engegat-un-projecte-didentificacio-de-les-colonies-controlades-urbanes-de-gats\/","title":{"rendered":"L&#8217;Ajuntament de Badalona ha engegat un projecte d&#8217;identificaci\u00f3 de les col\u00f2nies controlades urbanes de gats\u00a0"},"content":{"rendered":"\n<p>L&#8217;Ajuntament de Badalona ha engegat un projecte d&#8217;identificaci\u00f3 de les col\u00f2nies controlades urbanes de gats per tal que la ciutadania es conscienci\u00ef de l\u2019exist\u00e8ncia de col\u00f2nies, de les seves necessitats i de l\u2019obligaci\u00f3 de respectar-les, advertint sobre la possibilitat d\u2019imposici\u00f3 de sancions en cas que se les violenti.&nbsp;<\/p>\n\n\n\n<p>Amb aquestes actuacions es pret\u00e9n donar visibilitat a les col\u00f2nies controlades de gats i afavorir la conviv\u00e8ncia i el respecte entre els ve\u00efns i les persones que en tenen cura. A aquests efectes s&#8217;adquiriran elements identificatius per a la seva deguda senyalitzaci\u00f3.&nbsp;<\/p>\n\n\n\n<p>Aix\u00ed mateix i per facilitar la tasca de les cuidadores, i identificar-les com a col\u00b7laboradores essencials i imprescindibles de l&#8217;Ajuntament de Badalona en el desplegament del programa CERR (Captura-Esterilitzaci\u00f3, Registre i Retorn) se&#8217;ls lliurar\u00e0 unes armilles identificaves aix\u00ed com uns carnets que acreditaran la seva condici\u00f3 de gestora de col\u00f2nia felina controlada.\u00a0<\/p>\n\n\n\n<div><a href=\"https:\/\/areabadalona.com\/diario\/wp-content\/uploads\/2023\/04\/COLONIA_FELINA_CONTROLADA-683x1024.jpg\" class=\"td-modal-image\"><figure class=\"wp-block-image size-large\"><img loading=\"lazy\" decoding=\"async\" width=\"683\" height=\"1024\" src=\"https:\/\/areabadalona.com\/diario\/wp-content\/uploads\/2023\/04\/COLONIA_FELINA_CONTROLADA-683x1024.jpg\" alt=\"\" class=\"wp-image-5137\" srcset=\"https:\/\/areabadalona.com\/diario\/wp-content\/uploads\/2023\/04\/COLONIA_FELINA_CONTROLADA-683x1024.jpg 683w, https:\/\/areabadalona.com\/diario\/wp-content\/uploads\/2023\/04\/COLONIA_FELINA_CONTROLADA-200x300.jpg 200w, https:\/\/areabadalona.com\/diario\/wp-content\/uploads\/2023\/04\/COLONIA_FELINA_CONTROLADA-768x1152.jpg 768w, https:\/\/areabadalona.com\/diario\/wp-content\/uploads\/2023\/04\/COLONIA_FELINA_CONTROLADA-150x225.jpg 150w, https:\/\/areabadalona.com\/diario\/wp-content\/uploads\/2023\/04\/COLONIA_FELINA_CONTROLADA-300x450.jpg 300w, https:\/\/areabadalona.com\/diario\/wp-content\/uploads\/2023\/04\/COLONIA_FELINA_CONTROLADA-696x1044.jpg 696w, https:\/\/areabadalona.com\/diario\/wp-content\/uploads\/2023\/04\/COLONIA_FELINA_CONTROLADA.jpg 800w\" sizes=\"auto, (max-width: 683px) 100vw, 683px\" \/><\/figure><\/a><\/div>\n\n\n\n<p>El desplegament del programa comen\u00e7a amb l&#8217;entrega de les armilles identificatives de color lila a les principals associacions protectores que operen a la ciutat i una targeta identificativa i nominativa per a cadascuna de les volunt\u00e0ries. Continuar\u00e0 amb la senyalitzaci\u00f3 de cadascuna de les col\u00f2nies a trav\u00e9s d&#8217;una placa identificativa que s&#8217;instal\u00b7lar\u00e0 en totes les col\u00f2nies de la ciutat en les pr\u00f2ximes setmanes.&nbsp;<\/p>\n\n\n\n<p>Segons la regidora de Benestar Animal de l\u2019Ajuntament de Badalona, Rosa Trenado, \u201cla ciutadania t\u00e9 un gran desconeixement en general sobre el que s\u00f3n les col\u00f2nies felines que avui dia estan protegides per llei\u201d. \u201cAmb aquesta iniciativa busquem 2 objectius: d&#8217;una banda donar a con\u00e8ixer, conscienciar i identificar les col\u00f2nies felines existents a Badalona i per un altre posar el valor el treball de les protectores i volunt\u00e0ries que dediquen grans esfor\u00e7os a cura d&#8217;aquestes. Aix\u00f2 \u00e9s un pas m\u00e9s que dona l\u2019Ajuntament de Badalona en mat\u00e8ria de benestar animal\u201d, ha afegit.&nbsp;<\/p>\n","protected":false},"excerpt":{"rendered":"<p>L&#8217;Ajuntament de Badalona ha engegat un projecte d&#8217;identificaci\u00f3 de les col\u00f2nies controlades urbanes de gats per tal que la ciutadania es conscienci\u00ef de l\u2019exist\u00e8ncia de col\u00f2nies, de les seves necessitats i de l\u2019obligaci\u00f3 de respectar-les, advertint sobre la possibilitat d\u2019imposici\u00f3 de sancions en cas que se les violenti.&nbsp; Amb aquestes actuacions es pret\u00e9n donar visibilitat [&hellip;]<\/p>\n","protected":false},"author":1,"featured_media":5138,"comment_status":"open","ping_status":"open","sticky":false,"template":"","format":"standard","meta":{"footnotes":""},"categories":[23],"tags":[],"class_list":{"0":"post-5136","1":"post","2":"type-post","3":"status-publish","4":"format-standard","5":"has-post-thumbnail","7":"category-actualitat"},"_links":{"self":[{"href":"https:\/\/areabadalona.com\/diario\/wp-json\/wp\/v2\/posts\/5136","targetHints":{"allow":["GET"]}}],"collection":[{"href":"https:\/\/areabadalona.com\/diario\/wp-json\/wp\/v2\/posts"}],"about":[{"href":"https:\/\/areabadalona.com\/diario\/wp-json\/wp\/v2\/types\/post"}],"author":[{"embeddable":true,"href":"https:\/\/areabadalona.com\/diario\/wp-json\/wp\/v2\/users\/1"}],"replies":[{"embeddable":true,"href":"https:\/\/areabadalona.com\/diario\/wp-json\/wp\/v2\/comments?post=5136"}],"version-history":[{"count":1,"href":"https:\/\/areabadalona.com\/diario\/wp-json\/wp\/v2\/posts\/5136\/revisions"}],"predecessor-version":[{"id":5139,"href":"https:\/\/areabadalona.com\/diario\/wp-json\/wp\/v2\/posts\/5136\/revisions\/5139"}],"wp:featuredmedia":[{"embeddable":true,"href":"https:\/\/areabadalona.com\/diario\/wp-json\/wp\/v2\/media\/5138"}],"wp:attachment":[{"href":"https:\/\/areabadalona.com\/diario\/wp-json\/wp\/v2\/media?parent=5136"}],"wp:term":[{"taxonomy":"category","embeddable":true,"href":"https:\/\/areabadalona.com\/diario\/wp-json\/wp\/v2\/categories?post=5136"},{"taxonomy":"post_tag","embeddable":true,"href":"https:\/\/areabadalona.com\/diario\/wp-json\/wp\/v2\/tags?post=5136"}],"curies":[{"name":"wp","href":"https:\/\/api.w.org\/{rel}","templated":true}]}}